{"id":20828,"date":"2022-12-08T21:14:47","date_gmt":"2022-12-08T21:14:47","guid":{"rendered":"http:\/\/www.dolni-bousov.cz\/media\/?p=20828"},"modified":"2022-12-08T21:14:47","modified_gmt":"2022-12-08T21:14:47","slug":"vystava-betlemu-a-andelicku-manzelu-nechanskych","status":"publish","type":"post","link":"https:\/\/www.dolni-bousov.cz\/media\/vystava-betlemu-a-andelicku-manzelu-nechanskych\/","title":{"rendered":"V\u00fdstava betl\u00e9m\u016f a and\u011bl\u00ed\u010dk\u016f man\u017eel\u016f Nechansk\u00fdch"},"content":{"rendered":"<p><!-- index.php -->\n<div\n\tclass=\"ngg-galleryoverview ngg-ajax-pagination-none\"\n\tid=\"ngg-gallery-20852-1\">\n\n    \t\t<!-- Thumbnails -->\n\t\t\t\t<div id=\"ngg-image-0\" class=\"ngg-gallery-thumbnail-box\" >\n\t\t\t\t        <div class=\"ngg-gallery-thumbnail\">\n            <a href=\"https:\/\/www.dolni-bousov.cz\/media\/wp-content\/gallery\/vystava-betlemu-a-andelicku-manzelu-nechanskych\/IMG_7052.JPG\"\n               title=\"\"\n               data-src=\"https:\/\/www.dolni-bousov.cz\/media\/wp-content\/gallery\/vystava-betlemu-a-andelicku-manzelu-nechanskych\/IMG_7052.JPG\"\n               data-thumbnail=\"https:\/\/www.dolni-bousov.cz\/media\/wp-content\/gallery\/vystava-betlemu-a-andelicku-manzelu-nechanskych\/thumbs\/thumbs_IMG_7052.JPG\"\n               data-image-id=\"9353\"\n               data-title=\"IMG_7052\"\n               data-description=\"\"\n               data-image-slug=\"img_7052\"\n               class=\"ngg-fancybox\" rel=\"20852\">\n                <img\n                    title=\"IMG_7052\"\n                    alt=\"IMG_7052\"\n                    src=\"https:\/\/www.dolni-bousov.cz\/media\/wp-content\/gallery\/vystava-betlemu-a-andelicku-manzelu-nechanskych\/thumbs\/thumbs_IMG_7052.JPG\"\n                    width=\"150\"\n                    height=\"150\"\n                    style=\"max-width:100%;\"\n                \/>\n            <\/a>\n        <\/div>\n\t\t\t\t\t\t\t<\/div> \n\t\t\t\n        \n\t\t\t\t<div id=\"ngg-image-1\" class=\"ngg-gallery-thumbnail-box\" >\n\t\t\t\t        <div class=\"ngg-gallery-thumbnail\">\n            <a href=\"https:\/\/www.dolni-bousov.cz\/media\/wp-content\/gallery\/vystava-betlemu-a-andelicku-manzelu-nechanskych\/IMG_7053.JPG\"\n               title=\"\"\n               data-src=\"https:\/\/www.dolni-bousov.cz\/media\/wp-content\/gallery\/vystava-betlemu-a-andelicku-manzelu-nechanskych\/IMG_7053.JPG\"\n               data-thumbnail=\"https:\/\/www.dolni-bousov.cz\/media\/wp-content\/gallery\/vystava-betlemu-a-andelicku-manzelu-nechanskych\/thumbs\/thumbs_IMG_7053.JPG\"\n               data-image-id=\"9354\"\n               data-title=\"IMG_7053\"\n               data-description=\"\"\n               data-image-slug=\"img_7053\"\n               class=\"ngg-fancybox\" rel=\"20852\">\n                <img\n                    title=\"IMG_7053\"\n                    alt=\"IMG_7053\"\n                    src=\"https:\/\/www.dolni-bousov.cz\/media\/wp-content\/gallery\/vystava-betlemu-a-andelicku-manzelu-nechanskych\/thumbs\/thumbs_IMG_7053.JPG\"\n                    width=\"150\"\n                    height=\"150\"\n                    style=\"max-width:100%;\"\n                \/>\n            <\/a>\n        <\/div>\n\t\t\t\t\t\t\t<\/div> \n\t\t\t\n        \n\t\t\t\t<div id=\"ngg-image-2\" class=\"ngg-gallery-thumbnail-box\" >\n\t\t\t\t        <div class=\"ngg-gallery-thumbnail\">\n            <a href=\"https:\/\/www.dolni-bousov.cz\/media\/wp-content\/gallery\/vystava-betlemu-a-andelicku-manzelu-nechanskych\/IMG_7054.JPG\"\n               title=\"\"\n               data-src=\"https:\/\/www.dolni-bousov.cz\/media\/wp-content\/gallery\/vystava-betlemu-a-andelicku-manzelu-nechanskych\/IMG_7054.JPG\"\n               data-thumbnail=\"https:\/\/www.dolni-bousov.cz\/media\/wp-content\/gallery\/vystava-betlemu-a-andelicku-manzelu-nechanskych\/thumbs\/thumbs_IMG_7054.JPG\"\n               data-image-id=\"9355\"\n               data-title=\"IMG_7054\"\n               data-description=\"\"\n               data-image-slug=\"img_7054\"\n               class=\"ngg-fancybox\" rel=\"20852\">\n                <img\n                    title=\"IMG_7054\"\n                    alt=\"IMG_7054\"\n                    src=\"https:\/\/www.dolni-bousov.cz\/media\/wp-content\/gallery\/vystava-betlemu-a-andelicku-manzelu-nechanskych\/thumbs\/thumbs_IMG_7054.JPG\"\n                    width=\"150\"\n                    height=\"150\"\n                    style=\"max-width:100%;\"\n                \/>\n            <\/a>\n        <\/div>\n\t\t\t\t\t\t\t<\/div> \n\t\t\t\n        \n\t\t\t\t<div id=\"ngg-image-3\" class=\"ngg-gallery-thumbnail-box\" >\n\t\t\t\t        <div class=\"ngg-gallery-thumbnail\">\n            <a href=\"https:\/\/www.dolni-bousov.cz\/media\/wp-content\/gallery\/vystava-betlemu-a-andelicku-manzelu-nechanskych\/IMG_7055.JPG\"\n               title=\"\"\n               data-src=\"https:\/\/www.dolni-bousov.cz\/media\/wp-content\/gallery\/vystava-betlemu-a-andelicku-manzelu-nechanskych\/IMG_7055.JPG\"\n               data-thumbnail=\"https:\/\/www.dolni-bousov.cz\/media\/wp-content\/gallery\/vystava-betlemu-a-andelicku-manzelu-nechanskych\/thumbs\/thumbs_IMG_7055.JPG\"\n               data-image-id=\"9356\"\n               data-title=\"IMG_7055\"\n               data-description=\"\"\n               data-image-slug=\"img_7055\"\n               class=\"ngg-fancybox\" rel=\"20852\">\n                <img\n                    title=\"IMG_7055\"\n                    alt=\"IMG_7055\"\n                    src=\"https:\/\/www.dolni-bousov.cz\/media\/wp-content\/gallery\/vystava-betlemu-a-andelicku-manzelu-nechanskych\/thumbs\/thumbs_IMG_7055.JPG\"\n                    width=\"150\"\n                    height=\"150\"\n                    style=\"max-width:100%;\"\n                \/>\n            <\/a>\n        <\/div>\n\t\t\t\t\t\t\t<\/div> \n\t\t\t\n        \n\t\t\t\t<div id=\"ngg-image-4\" class=\"ngg-gallery-thumbnail-box\" >\n\t\t\t\t        <div class=\"ngg-gallery-thumbnail\">\n            <a href=\"https:\/\/www.dolni-bousov.cz\/media\/wp-content\/gallery\/vystava-betlemu-a-andelicku-manzelu-nechanskych\/IMG_7056.JPG\"\n               title=\"\"\n               data-src=\"https:\/\/www.dolni-bousov.cz\/media\/wp-content\/gallery\/vystava-betlemu-a-andelicku-manzelu-nechanskych\/IMG_7056.JPG\"\n               data-thumbnail=\"https:\/\/www.dolni-bousov.cz\/media\/wp-content\/gallery\/vystava-betlemu-a-andelicku-manzelu-nechanskych\/thumbs\/thumbs_IMG_7056.JPG\"\n               data-image-id=\"9357\"\n               data-title=\"IMG_7056\"\n               data-description=\"\"\n               data-image-slug=\"img_7056\"\n               class=\"ngg-fancybox\" rel=\"20852\">\n                <img\n                    title=\"IMG_7056\"\n                    alt=\"IMG_7056\"\n                    src=\"https:\/\/www.dolni-bousov.cz\/media\/wp-content\/gallery\/vystava-betlemu-a-andelicku-manzelu-nechanskych\/thumbs\/thumbs_IMG_7056.JPG\"\n                    width=\"150\"\n                    height=\"150\"\n                    style=\"max-width:100%;\"\n                \/>\n            <\/a>\n        <\/div>\n\t\t\t\t\t\t\t<\/div> \n\t\t\t\n        \n\t\t\t\t<div id=\"ngg-image-5\" class=\"ngg-gallery-thumbnail-box\" >\n\t\t\t\t        <div class=\"ngg-gallery-thumbnail\">\n            <a href=\"https:\/\/www.dolni-bousov.cz\/media\/wp-content\/gallery\/vystava-betlemu-a-andelicku-manzelu-nechanskych\/IMG_7057.JPG\"\n               title=\"\"\n               data-src=\"https:\/\/www.dolni-bousov.cz\/media\/wp-content\/gallery\/vystava-betlemu-a-andelicku-manzelu-nechanskych\/IMG_7057.JPG\"\n               data-thumbnail=\"https:\/\/www.dolni-bousov.cz\/media\/wp-content\/gallery\/vystava-betlemu-a-andelicku-manzelu-nechanskych\/thumbs\/thumbs_IMG_7057.JPG\"\n               data-image-id=\"9358\"\n               data-title=\"IMG_7057\"\n               data-description=\"\"\n               data-image-slug=\"img_7057\"\n               class=\"ngg-fancybox\" rel=\"20852\">\n                <img\n                    title=\"IMG_7057\"\n                    alt=\"IMG_7057\"\n                    src=\"https:\/\/www.dolni-bousov.cz\/media\/wp-content\/gallery\/vystava-betlemu-a-andelicku-manzelu-nechanskych\/thumbs\/thumbs_IMG_7057.JPG\"\n                    width=\"150\"\n                    height=\"150\"\n                    style=\"max-width:100%;\"\n                \/>\n            <\/a>\n        <\/div>\n\t\t\t\t\t\t\t<\/div> \n\t\t\t\n        \n\t\t\t\t<div id=\"ngg-image-6\" class=\"ngg-gallery-thumbnail-box\" >\n\t\t\t\t        <div class=\"ngg-gallery-thumbnail\">\n            <a href=\"https:\/\/www.dolni-bousov.cz\/media\/wp-content\/gallery\/vystava-betlemu-a-andelicku-manzelu-nechanskych\/IMG_7058.JPG\"\n               title=\"\"\n               data-src=\"https:\/\/www.dolni-bousov.cz\/media\/wp-content\/gallery\/vystava-betlemu-a-andelicku-manzelu-nechanskych\/IMG_7058.JPG\"\n               data-thumbnail=\"https:\/\/www.dolni-bousov.cz\/media\/wp-content\/gallery\/vystava-betlemu-a-andelicku-manzelu-nechanskych\/thumbs\/thumbs_IMG_7058.JPG\"\n               data-image-id=\"9359\"\n               data-title=\"IMG_7058\"\n               data-description=\"\"\n               data-image-slug=\"img_7058\"\n               class=\"ngg-fancybox\" rel=\"20852\">\n                <img\n                    title=\"IMG_7058\"\n                    alt=\"IMG_7058\"\n                    src=\"https:\/\/www.dolni-bousov.cz\/media\/wp-content\/gallery\/vystava-betlemu-a-andelicku-manzelu-nechanskych\/thumbs\/thumbs_IMG_7058.JPG\"\n                    width=\"150\"\n                    height=\"150\"\n                    style=\"max-width:100%;\"\n                \/>\n            <\/a>\n        <\/div>\n\t\t\t\t\t\t\t<\/div> \n\t\t\t\n        \n\t\t\t\t<div id=\"ngg-image-7\" class=\"ngg-gallery-thumbnail-box\" >\n\t\t\t\t        <div class=\"ngg-gallery-thumbnail\">\n            <a href=\"https:\/\/www.dolni-bousov.cz\/media\/wp-content\/gallery\/vystava-betlemu-a-andelicku-manzelu-nechanskych\/IMG_7059.JPG\"\n               title=\"\"\n               data-src=\"https:\/\/www.dolni-bousov.cz\/media\/wp-content\/gallery\/vystava-betlemu-a-andelicku-manzelu-nechanskych\/IMG_7059.JPG\"\n               data-thumbnail=\"https:\/\/www.dolni-bousov.cz\/media\/wp-content\/gallery\/vystava-betlemu-a-andelicku-manzelu-nechanskych\/thumbs\/thumbs_IMG_7059.JPG\"\n               data-image-id=\"9360\"\n               data-title=\"IMG_7059\"\n               data-description=\"\"\n               data-image-slug=\"img_7059\"\n               class=\"ngg-fancybox\" rel=\"20852\">\n                <img\n                    title=\"IMG_7059\"\n                    alt=\"IMG_7059\"\n                    src=\"https:\/\/www.dolni-bousov.cz\/media\/wp-content\/gallery\/vystava-betlemu-a-andelicku-manzelu-nechanskych\/thumbs\/thumbs_IMG_7059.JPG\"\n                    width=\"150\"\n                    height=\"150\"\n                    style=\"max-width:100%;\"\n                \/>\n            <\/a>\n        <\/div>\n\t\t\t\t\t\t\t<\/div> \n\t\t\t\n        \n\t\t\t\t<div id=\"ngg-image-8\" class=\"ngg-gallery-thumbnail-box\" >\n\t\t\t\t        <div class=\"ngg-gallery-thumbnail\">\n            <a href=\"https:\/\/www.dolni-bousov.cz\/media\/wp-content\/gallery\/vystava-betlemu-a-andelicku-manzelu-nechanskych\/IMG_7060.JPG\"\n               title=\"\"\n               data-src=\"https:\/\/www.dolni-bousov.cz\/media\/wp-content\/gallery\/vystava-betlemu-a-andelicku-manzelu-nechanskych\/IMG_7060.JPG\"\n               data-thumbnail=\"https:\/\/www.dolni-bousov.cz\/media\/wp-content\/gallery\/vystava-betlemu-a-andelicku-manzelu-nechanskych\/thumbs\/thumbs_IMG_7060.JPG\"\n               data-image-id=\"9361\"\n               data-title=\"IMG_7060\"\n               data-description=\"\"\n               data-image-slug=\"img_7060\"\n               class=\"ngg-fancybox\" rel=\"20852\">\n                <img\n                    title=\"IMG_7060\"\n                    alt=\"IMG_7060\"\n                    src=\"https:\/\/www.dolni-bousov.cz\/media\/wp-content\/gallery\/vystava-betlemu-a-andelicku-manzelu-nechanskych\/thumbs\/thumbs_IMG_7060.JPG\"\n                    width=\"150\"\n                    height=\"150\"\n                    style=\"max-width:100%;\"\n                \/>\n            <\/a>\n        <\/div>\n\t\t\t\t\t\t\t<\/div> \n\t\t\t\n        \n\t\t\t\t<div id=\"ngg-image-9\" class=\"ngg-gallery-thumbnail-box\" >\n\t\t\t\t        <div class=\"ngg-gallery-thumbnail\">\n            <a href=\"https:\/\/www.dolni-bousov.cz\/media\/wp-content\/gallery\/vystava-betlemu-a-andelicku-manzelu-nechanskych\/IMG_7051.jpg\"\n               title=\"\"\n               data-src=\"https:\/\/www.dolni-bousov.cz\/media\/wp-content\/gallery\/vystava-betlemu-a-andelicku-manzelu-nechanskych\/IMG_7051.jpg\"\n               data-thumbnail=\"https:\/\/www.dolni-bousov.cz\/media\/wp-content\/gallery\/vystava-betlemu-a-andelicku-manzelu-nechanskych\/thumbs\/thumbs_IMG_7051.jpg\"\n               data-image-id=\"9362\"\n               data-title=\"IMG_7051\"\n               data-description=\"\"\n               data-image-slug=\"img_7051\"\n               class=\"ngg-fancybox\" rel=\"20852\">\n                <img\n                    title=\"IMG_7051\"\n                    alt=\"IMG_7051\"\n                    src=\"https:\/\/www.dolni-bousov.cz\/media\/wp-content\/gallery\/vystava-betlemu-a-andelicku-manzelu-nechanskych\/thumbs\/thumbs_IMG_7051.jpg\"\n                    width=\"150\"\n                    height=\"150\"\n                    style=\"max-width:100%;\"\n                \/>\n            <\/a>\n        <\/div>\n\t\t\t\t\t\t\t<\/div> \n\t\t\t\n        \n\t\t\n\t\t<!-- Pagination -->\n\t<div class='ngg-clear'><\/div>\t<\/div>\n<\/p>\n","protected":false},"excerpt":{"rendered":"","protected":false},"author":1,"featured_media":20829,"comment_status":"closed","ping_status":"closed","sticky":false,"template":"","format":"standard","meta":{"ngg_post_thumbnail":0,"footnotes":""},"categories":[7],"tags":[],"class_list":["post-20828","post","type-post","status-publish","format-standard","has-post-thumbnail","hentry","category-kulturni-a-sportovni-akce"],"_links":{"self":[{"href":"https:\/\/www.dolni-bousov.cz\/media\/wp-json\/wp\/v2\/posts\/20828","targetHints":{"allow":["GET"]}}],"collection":[{"href":"https:\/\/www.dolni-bousov.cz\/media\/wp-json\/wp\/v2\/posts"}],"about":[{"href":"https:\/\/www.dolni-bousov.cz\/media\/wp-json\/wp\/v2\/types\/post"}],"author":[{"embeddable":true,"href":"https:\/\/www.dolni-bousov.cz\/media\/wp-json\/wp\/v2\/users\/1"}],"replies":[{"embeddable":true,"href":"https:\/\/www.dolni-bousov.cz\/media\/wp-json\/wp\/v2\/comments?post=20828"}],"version-history":[{"count":1,"href":"https:\/\/www.dolni-bousov.cz\/media\/wp-json\/wp\/v2\/posts\/20828\/revisions"}],"predecessor-version":[{"id":20853,"href":"https:\/\/www.dolni-bousov.cz\/media\/wp-json\/wp\/v2\/posts\/20828\/revisions\/20853"}],"wp:featuredmedia":[{"embeddable":true,"href":"https:\/\/www.dolni-bousov.cz\/media\/wp-json\/wp\/v2\/media\/20829"}],"wp:attachment":[{"href":"https:\/\/www.dolni-bousov.cz\/media\/wp-json\/wp\/v2\/media?parent=20828"}],"wp:term":[{"taxonomy":"category","embeddable":true,"href":"https:\/\/www.dolni-bousov.cz\/media\/wp-json\/wp\/v2\/categories?post=20828"},{"taxonomy":"post_tag","embeddable":true,"href":"https:\/\/www.dolni-bousov.cz\/media\/wp-json\/wp\/v2\/tags?post=20828"}],"curies":[{"name":"wp","href":"https:\/\/api.w.org\/{rel}","templated":true}]}}