{"id":2616,"date":"2015-10-28T19:39:54","date_gmt":"2015-10-28T19:39:54","guid":{"rendered":"http:\/\/www.dolni-bousov.cz\/cz\/?p=2616"},"modified":"2015-10-28T19:39:54","modified_gmt":"2015-10-28T19:39:54","slug":"rekonstrukce-radnice-ii-cervenec-rijen-2015","status":"publish","type":"post","link":"https:\/\/www.dolni-bousov.cz\/media\/rekonstrukce-radnice-ii-cervenec-rijen-2015\/","title":{"rendered":"REKONSTRUKCE RADNICE II. \u010dervenec &#8211; \u0159\u00edjen 2015"},"content":{"rendered":"<p><!-- index.php -->\n<div\n\tclass=\"ngg-galleryoverview ngg-ajax-pagination-none\"\n\tid=\"ngg-gallery-2617-1\">\n\n    \t\t<!-- Thumbnails -->\n\t\t\t\t<div id=\"ngg-image-0\" class=\"ngg-gallery-thumbnail-box\" >\n\t\t\t\t        <div class=\"ngg-gallery-thumbnail\">\n            <a href=\"https:\/\/www.dolni-bousov.cz\/media\/wp-content\/gallery\/rekonstrukce-radnice-ii-cervenec-rijen-2015\/100_7729.JPG\"\n               title=\"\"\n               data-src=\"https:\/\/www.dolni-bousov.cz\/media\/wp-content\/gallery\/rekonstrukce-radnice-ii-cervenec-rijen-2015\/100_7729.JPG\"\n               data-thumbnail=\"https:\/\/www.dolni-bousov.cz\/media\/wp-content\/gallery\/rekonstrukce-radnice-ii-cervenec-rijen-2015\/thumbs\/thumbs_100_7729.JPG\"\n               data-image-id=\"1106\"\n               data-title=\"100_7729\"\n               data-description=\"\"\n               data-image-slug=\"100_7729\"\n               class=\"ngg-fancybox\" rel=\"2617\">\n                <img\n                    title=\"100_7729\"\n                    alt=\"100_7729\"\n                    src=\"https:\/\/www.dolni-bousov.cz\/media\/wp-content\/gallery\/rekonstrukce-radnice-ii-cervenec-rijen-2015\/thumbs\/thumbs_100_7729.JPG\"\n                    width=\"150\"\n                    height=\"150\"\n                    style=\"max-width:100%;\"\n                \/>\n            <\/a>\n        <\/div>\n\t\t\t\t\t\t\t<\/div> \n\t\t\t\n        \n\t\t\t\t<div id=\"ngg-image-1\" class=\"ngg-gallery-thumbnail-box\" >\n\t\t\t\t        <div class=\"ngg-gallery-thumbnail\">\n            <a href=\"https:\/\/www.dolni-bousov.cz\/media\/wp-content\/gallery\/rekonstrukce-radnice-ii-cervenec-rijen-2015\/100_7730.JPG\"\n               title=\"\"\n               data-src=\"https:\/\/www.dolni-bousov.cz\/media\/wp-content\/gallery\/rekonstrukce-radnice-ii-cervenec-rijen-2015\/100_7730.JPG\"\n               data-thumbnail=\"https:\/\/www.dolni-bousov.cz\/media\/wp-content\/gallery\/rekonstrukce-radnice-ii-cervenec-rijen-2015\/thumbs\/thumbs_100_7730.JPG\"\n               data-image-id=\"1107\"\n               data-title=\"100_7730\"\n               data-description=\"\"\n               data-image-slug=\"100_7730\"\n               class=\"ngg-fancybox\" rel=\"2617\">\n                <img\n                    title=\"100_7730\"\n                    alt=\"100_7730\"\n                    src=\"https:\/\/www.dolni-bousov.cz\/media\/wp-content\/gallery\/rekonstrukce-radnice-ii-cervenec-rijen-2015\/thumbs\/thumbs_100_7730.JPG\"\n                    width=\"150\"\n                    height=\"150\"\n                    style=\"max-width:100%;\"\n                \/>\n            <\/a>\n        <\/div>\n\t\t\t\t\t\t\t<\/div> \n\t\t\t\n        \n\t\t\t\t<div id=\"ngg-image-2\" class=\"ngg-gallery-thumbnail-box\" >\n\t\t\t\t        <div class=\"ngg-gallery-thumbnail\">\n            <a href=\"https:\/\/www.dolni-bousov.cz\/media\/wp-content\/gallery\/rekonstrukce-radnice-ii-cervenec-rijen-2015\/100_7731.JPG\"\n               title=\"\"\n               data-src=\"https:\/\/www.dolni-bousov.cz\/media\/wp-content\/gallery\/rekonstrukce-radnice-ii-cervenec-rijen-2015\/100_7731.JPG\"\n               data-thumbnail=\"https:\/\/www.dolni-bousov.cz\/media\/wp-content\/gallery\/rekonstrukce-radnice-ii-cervenec-rijen-2015\/thumbs\/thumbs_100_7731.JPG\"\n               data-image-id=\"1108\"\n               data-title=\"100_7731\"\n               data-description=\"\"\n               data-image-slug=\"100_7731\"\n               class=\"ngg-fancybox\" rel=\"2617\">\n                <img\n                    title=\"100_7731\"\n                    alt=\"100_7731\"\n                    src=\"https:\/\/www.dolni-bousov.cz\/media\/wp-content\/gallery\/rekonstrukce-radnice-ii-cervenec-rijen-2015\/thumbs\/thumbs_100_7731.JPG\"\n                    width=\"150\"\n                    height=\"150\"\n                    style=\"max-width:100%;\"\n                \/>\n            <\/a>\n        <\/div>\n\t\t\t\t\t\t\t<\/div> \n\t\t\t\n        \n\t\t\t\t<div id=\"ngg-image-3\" class=\"ngg-gallery-thumbnail-box\" >\n\t\t\t\t        <div class=\"ngg-gallery-thumbnail\">\n            <a href=\"https:\/\/www.dolni-bousov.cz\/media\/wp-content\/gallery\/rekonstrukce-radnice-ii-cervenec-rijen-2015\/100_7732.JPG\"\n               title=\"\"\n               data-src=\"https:\/\/www.dolni-bousov.cz\/media\/wp-content\/gallery\/rekonstrukce-radnice-ii-cervenec-rijen-2015\/100_7732.JPG\"\n               data-thumbnail=\"https:\/\/www.dolni-bousov.cz\/media\/wp-content\/gallery\/rekonstrukce-radnice-ii-cervenec-rijen-2015\/thumbs\/thumbs_100_7732.JPG\"\n               data-image-id=\"1109\"\n               data-title=\"100_7732\"\n               data-description=\"\"\n               data-image-slug=\"100_7732\"\n               class=\"ngg-fancybox\" rel=\"2617\">\n                <img\n                    title=\"100_7732\"\n                    alt=\"100_7732\"\n                    src=\"https:\/\/www.dolni-bousov.cz\/media\/wp-content\/gallery\/rekonstrukce-radnice-ii-cervenec-rijen-2015\/thumbs\/thumbs_100_7732.JPG\"\n                    width=\"150\"\n                    height=\"150\"\n                    style=\"max-width:100%;\"\n                \/>\n            <\/a>\n        <\/div>\n\t\t\t\t\t\t\t<\/div> \n\t\t\t\n        \n\t\t\t\t<div id=\"ngg-image-4\" class=\"ngg-gallery-thumbnail-box\" >\n\t\t\t\t        <div class=\"ngg-gallery-thumbnail\">\n            <a href=\"https:\/\/www.dolni-bousov.cz\/media\/wp-content\/gallery\/rekonstrukce-radnice-ii-cervenec-rijen-2015\/100_7733.JPG\"\n               title=\"\"\n               data-src=\"https:\/\/www.dolni-bousov.cz\/media\/wp-content\/gallery\/rekonstrukce-radnice-ii-cervenec-rijen-2015\/100_7733.JPG\"\n               data-thumbnail=\"https:\/\/www.dolni-bousov.cz\/media\/wp-content\/gallery\/rekonstrukce-radnice-ii-cervenec-rijen-2015\/thumbs\/thumbs_100_7733.JPG\"\n               data-image-id=\"1110\"\n               data-title=\"100_7733\"\n               data-description=\"\"\n               data-image-slug=\"100_7733\"\n               class=\"ngg-fancybox\" rel=\"2617\">\n                <img\n                    title=\"100_7733\"\n                    alt=\"100_7733\"\n                    src=\"https:\/\/www.dolni-bousov.cz\/media\/wp-content\/gallery\/rekonstrukce-radnice-ii-cervenec-rijen-2015\/thumbs\/thumbs_100_7733.JPG\"\n                    width=\"150\"\n                    height=\"150\"\n                    style=\"max-width:100%;\"\n                \/>\n            <\/a>\n        <\/div>\n\t\t\t\t\t\t\t<\/div> \n\t\t\t\n        \n\t\t\t\t<div id=\"ngg-image-5\" class=\"ngg-gallery-thumbnail-box\" >\n\t\t\t\t        <div class=\"ngg-gallery-thumbnail\">\n            <a href=\"https:\/\/www.dolni-bousov.cz\/media\/wp-content\/gallery\/rekonstrukce-radnice-ii-cervenec-rijen-2015\/100_7734.JPG\"\n               title=\"\"\n               data-src=\"https:\/\/www.dolni-bousov.cz\/media\/wp-content\/gallery\/rekonstrukce-radnice-ii-cervenec-rijen-2015\/100_7734.JPG\"\n               data-thumbnail=\"https:\/\/www.dolni-bousov.cz\/media\/wp-content\/gallery\/rekonstrukce-radnice-ii-cervenec-rijen-2015\/thumbs\/thumbs_100_7734.JPG\"\n               data-image-id=\"1111\"\n               data-title=\"100_7734\"\n               data-description=\"\"\n               data-image-slug=\"100_7734\"\n               class=\"ngg-fancybox\" rel=\"2617\">\n                <img\n                    title=\"100_7734\"\n                    alt=\"100_7734\"\n                    src=\"https:\/\/www.dolni-bousov.cz\/media\/wp-content\/gallery\/rekonstrukce-radnice-ii-cervenec-rijen-2015\/thumbs\/thumbs_100_7734.JPG\"\n                    width=\"150\"\n                    height=\"150\"\n                    style=\"max-width:100%;\"\n                \/>\n            <\/a>\n        <\/div>\n\t\t\t\t\t\t\t<\/div> \n\t\t\t\n        \n\t\t\t\t<div id=\"ngg-image-6\" class=\"ngg-gallery-thumbnail-box\" >\n\t\t\t\t        <div class=\"ngg-gallery-thumbnail\">\n            <a href=\"https:\/\/www.dolni-bousov.cz\/media\/wp-content\/gallery\/rekonstrukce-radnice-ii-cervenec-rijen-2015\/100_7735.JPG\"\n               title=\"\"\n               data-src=\"https:\/\/www.dolni-bousov.cz\/media\/wp-content\/gallery\/rekonstrukce-radnice-ii-cervenec-rijen-2015\/100_7735.JPG\"\n               data-thumbnail=\"https:\/\/www.dolni-bousov.cz\/media\/wp-content\/gallery\/rekonstrukce-radnice-ii-cervenec-rijen-2015\/thumbs\/thumbs_100_7735.JPG\"\n               data-image-id=\"1112\"\n               data-title=\"100_7735\"\n               data-description=\"\"\n               data-image-slug=\"100_7735\"\n               class=\"ngg-fancybox\" rel=\"2617\">\n                <img\n                    title=\"100_7735\"\n                    alt=\"100_7735\"\n                    src=\"https:\/\/www.dolni-bousov.cz\/media\/wp-content\/gallery\/rekonstrukce-radnice-ii-cervenec-rijen-2015\/thumbs\/thumbs_100_7735.JPG\"\n                    width=\"150\"\n                    height=\"150\"\n                    style=\"max-width:100%;\"\n                \/>\n            <\/a>\n        <\/div>\n\t\t\t\t\t\t\t<\/div> \n\t\t\t\n        \n\t\t\t\t<div id=\"ngg-image-7\" class=\"ngg-gallery-thumbnail-box\" >\n\t\t\t\t        <div class=\"ngg-gallery-thumbnail\">\n            <a href=\"https:\/\/www.dolni-bousov.cz\/media\/wp-content\/gallery\/rekonstrukce-radnice-ii-cervenec-rijen-2015\/100_7736.JPG\"\n               title=\"\"\n               data-src=\"https:\/\/www.dolni-bousov.cz\/media\/wp-content\/gallery\/rekonstrukce-radnice-ii-cervenec-rijen-2015\/100_7736.JPG\"\n               data-thumbnail=\"https:\/\/www.dolni-bousov.cz\/media\/wp-content\/gallery\/rekonstrukce-radnice-ii-cervenec-rijen-2015\/thumbs\/thumbs_100_7736.JPG\"\n               data-image-id=\"1113\"\n               data-title=\"100_7736\"\n               data-description=\"\"\n               data-image-slug=\"100_7736\"\n               class=\"ngg-fancybox\" rel=\"2617\">\n                <img\n                    title=\"100_7736\"\n                    alt=\"100_7736\"\n                    src=\"https:\/\/www.dolni-bousov.cz\/media\/wp-content\/gallery\/rekonstrukce-radnice-ii-cervenec-rijen-2015\/thumbs\/thumbs_100_7736.JPG\"\n                    width=\"150\"\n                    height=\"150\"\n                    style=\"max-width:100%;\"\n                \/>\n            <\/a>\n        <\/div>\n\t\t\t\t\t\t\t<\/div> \n\t\t\t\n        \n\t\t\t\t<div id=\"ngg-image-8\" class=\"ngg-gallery-thumbnail-box\" >\n\t\t\t\t        <div class=\"ngg-gallery-thumbnail\">\n            <a href=\"https:\/\/www.dolni-bousov.cz\/media\/wp-content\/gallery\/rekonstrukce-radnice-ii-cervenec-rijen-2015\/100_7737.JPG\"\n               title=\"\"\n               data-src=\"https:\/\/www.dolni-bousov.cz\/media\/wp-content\/gallery\/rekonstrukce-radnice-ii-cervenec-rijen-2015\/100_7737.JPG\"\n               data-thumbnail=\"https:\/\/www.dolni-bousov.cz\/media\/wp-content\/gallery\/rekonstrukce-radnice-ii-cervenec-rijen-2015\/thumbs\/thumbs_100_7737.JPG\"\n               data-image-id=\"1114\"\n               data-title=\"100_7737\"\n               data-description=\"\"\n               data-image-slug=\"100_7737\"\n               class=\"ngg-fancybox\" rel=\"2617\">\n                <img\n                    title=\"100_7737\"\n                    alt=\"100_7737\"\n                    src=\"https:\/\/www.dolni-bousov.cz\/media\/wp-content\/gallery\/rekonstrukce-radnice-ii-cervenec-rijen-2015\/thumbs\/thumbs_100_7737.JPG\"\n                    width=\"150\"\n                    height=\"150\"\n                    style=\"max-width:100%;\"\n                \/>\n            <\/a>\n        <\/div>\n\t\t\t\t\t\t\t<\/div> \n\t\t\t\n        \n\t\t\t\t<div id=\"ngg-image-9\" class=\"ngg-gallery-thumbnail-box\" >\n\t\t\t\t        <div class=\"ngg-gallery-thumbnail\">\n            <a href=\"https:\/\/www.dolni-bousov.cz\/media\/wp-content\/gallery\/rekonstrukce-radnice-ii-cervenec-rijen-2015\/100_7738.JPG\"\n               title=\"\"\n               data-src=\"https:\/\/www.dolni-bousov.cz\/media\/wp-content\/gallery\/rekonstrukce-radnice-ii-cervenec-rijen-2015\/100_7738.JPG\"\n               data-thumbnail=\"https:\/\/www.dolni-bousov.cz\/media\/wp-content\/gallery\/rekonstrukce-radnice-ii-cervenec-rijen-2015\/thumbs\/thumbs_100_7738.JPG\"\n               data-image-id=\"1115\"\n               data-title=\"100_7738\"\n               data-description=\"\"\n               data-image-slug=\"100_7738\"\n               class=\"ngg-fancybox\" rel=\"2617\">\n                <img\n                    title=\"100_7738\"\n                    alt=\"100_7738\"\n                    src=\"https:\/\/www.dolni-bousov.cz\/media\/wp-content\/gallery\/rekonstrukce-radnice-ii-cervenec-rijen-2015\/thumbs\/thumbs_100_7738.JPG\"\n                    width=\"150\"\n                    height=\"150\"\n                    style=\"max-width:100%;\"\n                \/>\n            <\/a>\n        <\/div>\n\t\t\t\t\t\t\t<\/div> \n\t\t\t\n        \n\t\t\t\t<div id=\"ngg-image-10\" class=\"ngg-gallery-thumbnail-box\" >\n\t\t\t\t        <div class=\"ngg-gallery-thumbnail\">\n            <a href=\"https:\/\/www.dolni-bousov.cz\/media\/wp-content\/gallery\/rekonstrukce-radnice-ii-cervenec-rijen-2015\/100_7739.JPG\"\n               title=\"\"\n               data-src=\"https:\/\/www.dolni-bousov.cz\/media\/wp-content\/gallery\/rekonstrukce-radnice-ii-cervenec-rijen-2015\/100_7739.JPG\"\n               data-thumbnail=\"https:\/\/www.dolni-bousov.cz\/media\/wp-content\/gallery\/rekonstrukce-radnice-ii-cervenec-rijen-2015\/thumbs\/thumbs_100_7739.JPG\"\n               data-image-id=\"1116\"\n               data-title=\"100_7739\"\n               data-description=\"\"\n               data-image-slug=\"100_7739\"\n               class=\"ngg-fancybox\" rel=\"2617\">\n                <img\n                    title=\"100_7739\"\n                    alt=\"100_7739\"\n                    src=\"https:\/\/www.dolni-bousov.cz\/media\/wp-content\/gallery\/rekonstrukce-radnice-ii-cervenec-rijen-2015\/thumbs\/thumbs_100_7739.JPG\"\n                    width=\"150\"\n                    height=\"150\"\n                    style=\"max-width:100%;\"\n                \/>\n            <\/a>\n        <\/div>\n\t\t\t\t\t\t\t<\/div> \n\t\t\t\n        \n\t\t\t\t<div id=\"ngg-image-11\" class=\"ngg-gallery-thumbnail-box\" >\n\t\t\t\t        <div class=\"ngg-gallery-thumbnail\">\n            <a href=\"https:\/\/www.dolni-bousov.cz\/media\/wp-content\/gallery\/rekonstrukce-radnice-ii-cervenec-rijen-2015\/100_7740.JPG\"\n               title=\"\"\n               data-src=\"https:\/\/www.dolni-bousov.cz\/media\/wp-content\/gallery\/rekonstrukce-radnice-ii-cervenec-rijen-2015\/100_7740.JPG\"\n               data-thumbnail=\"https:\/\/www.dolni-bousov.cz\/media\/wp-content\/gallery\/rekonstrukce-radnice-ii-cervenec-rijen-2015\/thumbs\/thumbs_100_7740.JPG\"\n               data-image-id=\"1117\"\n               data-title=\"100_7740\"\n               data-description=\"\"\n               data-image-slug=\"100_7740\"\n               class=\"ngg-fancybox\" rel=\"2617\">\n                <img\n                    title=\"100_7740\"\n                    alt=\"100_7740\"\n                    src=\"https:\/\/www.dolni-bousov.cz\/media\/wp-content\/gallery\/rekonstrukce-radnice-ii-cervenec-rijen-2015\/thumbs\/thumbs_100_7740.JPG\"\n                    width=\"150\"\n                    height=\"150\"\n                    style=\"max-width:100%;\"\n                \/>\n            <\/a>\n        <\/div>\n\t\t\t\t\t\t\t<\/div> \n\t\t\t\n        \n\t\t\t\t<div id=\"ngg-image-12\" class=\"ngg-gallery-thumbnail-box\" >\n\t\t\t\t        <div class=\"ngg-gallery-thumbnail\">\n            <a href=\"https:\/\/www.dolni-bousov.cz\/media\/wp-content\/gallery\/rekonstrukce-radnice-ii-cervenec-rijen-2015\/100_7741.JPG\"\n               title=\"\"\n               data-src=\"https:\/\/www.dolni-bousov.cz\/media\/wp-content\/gallery\/rekonstrukce-radnice-ii-cervenec-rijen-2015\/100_7741.JPG\"\n               data-thumbnail=\"https:\/\/www.dolni-bousov.cz\/media\/wp-content\/gallery\/rekonstrukce-radnice-ii-cervenec-rijen-2015\/thumbs\/thumbs_100_7741.JPG\"\n               data-image-id=\"1118\"\n               data-title=\"100_7741\"\n               data-description=\"\"\n               data-image-slug=\"100_7741\"\n               class=\"ngg-fancybox\" rel=\"2617\">\n                <img\n                    title=\"100_7741\"\n                    alt=\"100_7741\"\n                    src=\"https:\/\/www.dolni-bousov.cz\/media\/wp-content\/gallery\/rekonstrukce-radnice-ii-cervenec-rijen-2015\/thumbs\/thumbs_100_7741.JPG\"\n                    width=\"150\"\n                    height=\"150\"\n                    style=\"max-width:100%;\"\n                \/>\n            <\/a>\n        <\/div>\n\t\t\t\t\t\t\t<\/div> \n\t\t\t\n        \n\t\t\t\t<div id=\"ngg-image-13\" class=\"ngg-gallery-thumbnail-box\" >\n\t\t\t\t        <div class=\"ngg-gallery-thumbnail\">\n            <a href=\"https:\/\/www.dolni-bousov.cz\/media\/wp-content\/gallery\/rekonstrukce-radnice-ii-cervenec-rijen-2015\/100_7742.JPG\"\n               title=\"\"\n               data-src=\"https:\/\/www.dolni-bousov.cz\/media\/wp-content\/gallery\/rekonstrukce-radnice-ii-cervenec-rijen-2015\/100_7742.JPG\"\n               data-thumbnail=\"https:\/\/www.dolni-bousov.cz\/media\/wp-content\/gallery\/rekonstrukce-radnice-ii-cervenec-rijen-2015\/thumbs\/thumbs_100_7742.JPG\"\n               data-image-id=\"1119\"\n               data-title=\"100_7742\"\n               data-description=\"\"\n               data-image-slug=\"100_7742\"\n               class=\"ngg-fancybox\" rel=\"2617\">\n                <img\n                    title=\"100_7742\"\n                    alt=\"100_7742\"\n                    src=\"https:\/\/www.dolni-bousov.cz\/media\/wp-content\/gallery\/rekonstrukce-radnice-ii-cervenec-rijen-2015\/thumbs\/thumbs_100_7742.JPG\"\n                    width=\"150\"\n                    height=\"150\"\n                    style=\"max-width:100%;\"\n                \/>\n            <\/a>\n        <\/div>\n\t\t\t\t\t\t\t<\/div> \n\t\t\t\n        \n\t\t\t\t<div id=\"ngg-image-14\" class=\"ngg-gallery-thumbnail-box\" >\n\t\t\t\t        <div class=\"ngg-gallery-thumbnail\">\n            <a href=\"https:\/\/www.dolni-bousov.cz\/media\/wp-content\/gallery\/rekonstrukce-radnice-ii-cervenec-rijen-2015\/100_7743.JPG\"\n               title=\"\"\n               data-src=\"https:\/\/www.dolni-bousov.cz\/media\/wp-content\/gallery\/rekonstrukce-radnice-ii-cervenec-rijen-2015\/100_7743.JPG\"\n               data-thumbnail=\"https:\/\/www.dolni-bousov.cz\/media\/wp-content\/gallery\/rekonstrukce-radnice-ii-cervenec-rijen-2015\/thumbs\/thumbs_100_7743.JPG\"\n               data-image-id=\"1120\"\n               data-title=\"100_7743\"\n               data-description=\"\"\n               data-image-slug=\"100_7743\"\n               class=\"ngg-fancybox\" rel=\"2617\">\n                <img\n                    title=\"100_7743\"\n                    alt=\"100_7743\"\n                    src=\"https:\/\/www.dolni-bousov.cz\/media\/wp-content\/gallery\/rekonstrukce-radnice-ii-cervenec-rijen-2015\/thumbs\/thumbs_100_7743.JPG\"\n                    width=\"150\"\n                    height=\"150\"\n                    style=\"max-width:100%;\"\n                \/>\n            <\/a>\n        <\/div>\n\t\t\t\t\t\t\t<\/div> \n\t\t\t\n        \n\t\t\t\t<div id=\"ngg-image-15\" class=\"ngg-gallery-thumbnail-box\" >\n\t\t\t\t        <div class=\"ngg-gallery-thumbnail\">\n            <a href=\"https:\/\/www.dolni-bousov.cz\/media\/wp-content\/gallery\/rekonstrukce-radnice-ii-cervenec-rijen-2015\/100_7744.JPG\"\n               title=\"\"\n               data-src=\"https:\/\/www.dolni-bousov.cz\/media\/wp-content\/gallery\/rekonstrukce-radnice-ii-cervenec-rijen-2015\/100_7744.JPG\"\n               data-thumbnail=\"https:\/\/www.dolni-bousov.cz\/media\/wp-content\/gallery\/rekonstrukce-radnice-ii-cervenec-rijen-2015\/thumbs\/thumbs_100_7744.JPG\"\n               data-image-id=\"1121\"\n               data-title=\"100_7744\"\n               data-description=\"\"\n               data-image-slug=\"100_7744\"\n               class=\"ngg-fancybox\" rel=\"2617\">\n                <img\n                    title=\"100_7744\"\n                    alt=\"100_7744\"\n                    src=\"https:\/\/www.dolni-bousov.cz\/media\/wp-content\/gallery\/rekonstrukce-radnice-ii-cervenec-rijen-2015\/thumbs\/thumbs_100_7744.JPG\"\n                    width=\"150\"\n                    height=\"150\"\n                    style=\"max-width:100%;\"\n                \/>\n            <\/a>\n        <\/div>\n\t\t\t\t\t\t\t<\/div> \n\t\t\t\n        \n\t\t\t\t<div id=\"ngg-image-16\" class=\"ngg-gallery-thumbnail-box\" >\n\t\t\t\t        <div class=\"ngg-gallery-thumbnail\">\n            <a href=\"https:\/\/www.dolni-bousov.cz\/media\/wp-content\/gallery\/rekonstrukce-radnice-ii-cervenec-rijen-2015\/100_7745.JPG\"\n               title=\"\"\n               data-src=\"https:\/\/www.dolni-bousov.cz\/media\/wp-content\/gallery\/rekonstrukce-radnice-ii-cervenec-rijen-2015\/100_7745.JPG\"\n               data-thumbnail=\"https:\/\/www.dolni-bousov.cz\/media\/wp-content\/gallery\/rekonstrukce-radnice-ii-cervenec-rijen-2015\/thumbs\/thumbs_100_7745.JPG\"\n               data-image-id=\"1122\"\n               data-title=\"100_7745\"\n               data-description=\"\"\n               data-image-slug=\"100_7745\"\n               class=\"ngg-fancybox\" rel=\"2617\">\n                <img\n                    title=\"100_7745\"\n                    alt=\"100_7745\"\n                    src=\"https:\/\/www.dolni-bousov.cz\/media\/wp-content\/gallery\/rekonstrukce-radnice-ii-cervenec-rijen-2015\/thumbs\/thumbs_100_7745.JPG\"\n                    width=\"150\"\n                    height=\"150\"\n                    style=\"max-width:100%;\"\n                \/>\n            <\/a>\n        <\/div>\n\t\t\t\t\t\t\t<\/div> \n\t\t\t\n        \n\t\t\t\t<div id=\"ngg-image-17\" class=\"ngg-gallery-thumbnail-box\" >\n\t\t\t\t        <div class=\"ngg-gallery-thumbnail\">\n            <a href=\"https:\/\/www.dolni-bousov.cz\/media\/wp-content\/gallery\/rekonstrukce-radnice-ii-cervenec-rijen-2015\/100_7746.JPG\"\n               title=\"\"\n               data-src=\"https:\/\/www.dolni-bousov.cz\/media\/wp-content\/gallery\/rekonstrukce-radnice-ii-cervenec-rijen-2015\/100_7746.JPG\"\n               data-thumbnail=\"https:\/\/www.dolni-bousov.cz\/media\/wp-content\/gallery\/rekonstrukce-radnice-ii-cervenec-rijen-2015\/thumbs\/thumbs_100_7746.JPG\"\n               data-image-id=\"1123\"\n               data-title=\"100_7746\"\n               data-description=\"\"\n               data-image-slug=\"100_7746\"\n               class=\"ngg-fancybox\" rel=\"2617\">\n                <img\n                    title=\"100_7746\"\n                    alt=\"100_7746\"\n                    src=\"https:\/\/www.dolni-bousov.cz\/media\/wp-content\/gallery\/rekonstrukce-radnice-ii-cervenec-rijen-2015\/thumbs\/thumbs_100_7746.JPG\"\n                    width=\"150\"\n                    height=\"150\"\n                    style=\"max-width:100%;\"\n                \/>\n            <\/a>\n        <\/div>\n\t\t\t\t\t\t\t<\/div> \n\t\t\t\n        \n\t\t\t\t<div id=\"ngg-image-18\" class=\"ngg-gallery-thumbnail-box\" >\n\t\t\t\t        <div class=\"ngg-gallery-thumbnail\">\n            <a href=\"https:\/\/www.dolni-bousov.cz\/media\/wp-content\/gallery\/rekonstrukce-radnice-ii-cervenec-rijen-2015\/100_7747.JPG\"\n               title=\"\"\n               data-src=\"https:\/\/www.dolni-bousov.cz\/media\/wp-content\/gallery\/rekonstrukce-radnice-ii-cervenec-rijen-2015\/100_7747.JPG\"\n               data-thumbnail=\"https:\/\/www.dolni-bousov.cz\/media\/wp-content\/gallery\/rekonstrukce-radnice-ii-cervenec-rijen-2015\/thumbs\/thumbs_100_7747.JPG\"\n               data-image-id=\"1124\"\n               data-title=\"100_7747\"\n               data-description=\"\"\n               data-image-slug=\"100_7747\"\n               class=\"ngg-fancybox\" rel=\"2617\">\n                <img\n                    title=\"100_7747\"\n                    alt=\"100_7747\"\n                    src=\"https:\/\/www.dolni-bousov.cz\/media\/wp-content\/gallery\/rekonstrukce-radnice-ii-cervenec-rijen-2015\/thumbs\/thumbs_100_7747.JPG\"\n                    width=\"150\"\n                    height=\"150\"\n                    style=\"max-width:100%;\"\n                \/>\n            <\/a>\n        <\/div>\n\t\t\t\t\t\t\t<\/div> \n\t\t\t\n        \n\t\t\t\t<div id=\"ngg-image-19\" class=\"ngg-gallery-thumbnail-box\" >\n\t\t\t\t        <div class=\"ngg-gallery-thumbnail\">\n            <a href=\"https:\/\/www.dolni-bousov.cz\/media\/wp-content\/gallery\/rekonstrukce-radnice-ii-cervenec-rijen-2015\/DSCF4033.JPG\"\n               title=\"\"\n               data-src=\"https:\/\/www.dolni-bousov.cz\/media\/wp-content\/gallery\/rekonstrukce-radnice-ii-cervenec-rijen-2015\/DSCF4033.JPG\"\n               data-thumbnail=\"https:\/\/www.dolni-bousov.cz\/media\/wp-content\/gallery\/rekonstrukce-radnice-ii-cervenec-rijen-2015\/thumbs\/thumbs_DSCF4033.JPG\"\n               data-image-id=\"1125\"\n               data-title=\"DSCF4033\"\n               data-description=\"\"\n               data-image-slug=\"dscf4033\"\n               class=\"ngg-fancybox\" rel=\"2617\">\n                <img\n                    title=\"DSCF4033\"\n                    alt=\"DSCF4033\"\n                    src=\"https:\/\/www.dolni-bousov.cz\/media\/wp-content\/gallery\/rekonstrukce-radnice-ii-cervenec-rijen-2015\/thumbs\/thumbs_DSCF4033.JPG\"\n                    width=\"150\"\n                    height=\"150\"\n                    style=\"max-width:100%;\"\n                \/>\n            <\/a>\n        <\/div>\n\t\t\t\t\t\t\t<\/div> \n\t\t\t\n        \n\t\t\t\t<div id=\"ngg-image-20\" class=\"ngg-gallery-thumbnail-box\" >\n\t\t\t\t        <div class=\"ngg-gallery-thumbnail\">\n            <a href=\"https:\/\/www.dolni-bousov.cz\/media\/wp-content\/gallery\/rekonstrukce-radnice-ii-cervenec-rijen-2015\/DSCF4034.JPG\"\n               title=\"\"\n               data-src=\"https:\/\/www.dolni-bousov.cz\/media\/wp-content\/gallery\/rekonstrukce-radnice-ii-cervenec-rijen-2015\/DSCF4034.JPG\"\n               data-thumbnail=\"https:\/\/www.dolni-bousov.cz\/media\/wp-content\/gallery\/rekonstrukce-radnice-ii-cervenec-rijen-2015\/thumbs\/thumbs_DSCF4034.JPG\"\n               data-image-id=\"1126\"\n               data-title=\"DSCF4034\"\n               data-description=\"\"\n               data-image-slug=\"dscf4034\"\n               class=\"ngg-fancybox\" rel=\"2617\">\n                <img\n                    title=\"DSCF4034\"\n                    alt=\"DSCF4034\"\n                    src=\"https:\/\/www.dolni-bousov.cz\/media\/wp-content\/gallery\/rekonstrukce-radnice-ii-cervenec-rijen-2015\/thumbs\/thumbs_DSCF4034.JPG\"\n                    width=\"150\"\n                    height=\"150\"\n                    style=\"max-width:100%;\"\n                \/>\n            <\/a>\n        <\/div>\n\t\t\t\t\t\t\t<\/div> \n\t\t\t\n        \n\t\t\t\t<div id=\"ngg-image-21\" class=\"ngg-gallery-thumbnail-box\" >\n\t\t\t\t        <div class=\"ngg-gallery-thumbnail\">\n            <a href=\"https:\/\/www.dolni-bousov.cz\/media\/wp-content\/gallery\/rekonstrukce-radnice-ii-cervenec-rijen-2015\/DSCF4035.JPG\"\n               title=\"\"\n               data-src=\"https:\/\/www.dolni-bousov.cz\/media\/wp-content\/gallery\/rekonstrukce-radnice-ii-cervenec-rijen-2015\/DSCF4035.JPG\"\n               data-thumbnail=\"https:\/\/www.dolni-bousov.cz\/media\/wp-content\/gallery\/rekonstrukce-radnice-ii-cervenec-rijen-2015\/thumbs\/thumbs_DSCF4035.JPG\"\n               data-image-id=\"1127\"\n               data-title=\"DSCF4035\"\n               data-description=\"\"\n               data-image-slug=\"dscf4035\"\n               class=\"ngg-fancybox\" rel=\"2617\">\n                <img\n                    title=\"DSCF4035\"\n                    alt=\"DSCF4035\"\n                    src=\"https:\/\/www.dolni-bousov.cz\/media\/wp-content\/gallery\/rekonstrukce-radnice-ii-cervenec-rijen-2015\/thumbs\/thumbs_DSCF4035.JPG\"\n                    width=\"150\"\n                    height=\"150\"\n                    style=\"max-width:100%;\"\n                \/>\n            <\/a>\n        <\/div>\n\t\t\t\t\t\t\t<\/div> \n\t\t\t\n        \n\t\t\t\t<div id=\"ngg-image-22\" class=\"ngg-gallery-thumbnail-box\" >\n\t\t\t\t        <div class=\"ngg-gallery-thumbnail\">\n            <a href=\"https:\/\/www.dolni-bousov.cz\/media\/wp-content\/gallery\/rekonstrukce-radnice-ii-cervenec-rijen-2015\/DSCF4036.JPG\"\n               title=\"\"\n               data-src=\"https:\/\/www.dolni-bousov.cz\/media\/wp-content\/gallery\/rekonstrukce-radnice-ii-cervenec-rijen-2015\/DSCF4036.JPG\"\n               data-thumbnail=\"https:\/\/www.dolni-bousov.cz\/media\/wp-content\/gallery\/rekonstrukce-radnice-ii-cervenec-rijen-2015\/thumbs\/thumbs_DSCF4036.JPG\"\n               data-image-id=\"1128\"\n               data-title=\"DSCF4036\"\n               data-description=\"\"\n               data-image-slug=\"dscf4036\"\n               class=\"ngg-fancybox\" rel=\"2617\">\n                <img\n                    title=\"DSCF4036\"\n                    alt=\"DSCF4036\"\n                    src=\"https:\/\/www.dolni-bousov.cz\/media\/wp-content\/gallery\/rekonstrukce-radnice-ii-cervenec-rijen-2015\/thumbs\/thumbs_DSCF4036.JPG\"\n                    width=\"150\"\n                    height=\"150\"\n                    style=\"max-width:100%;\"\n                \/>\n            <\/a>\n        <\/div>\n\t\t\t\t\t\t\t<\/div> \n\t\t\t\n        \n\t\t\t\t<div id=\"ngg-image-23\" class=\"ngg-gallery-thumbnail-box\" >\n\t\t\t\t        <div class=\"ngg-gallery-thumbnail\">\n            <a href=\"https:\/\/www.dolni-bousov.cz\/media\/wp-content\/gallery\/rekonstrukce-radnice-ii-cervenec-rijen-2015\/DSCF4037.JPG\"\n               title=\"\"\n               data-src=\"https:\/\/www.dolni-bousov.cz\/media\/wp-content\/gallery\/rekonstrukce-radnice-ii-cervenec-rijen-2015\/DSCF4037.JPG\"\n               data-thumbnail=\"https:\/\/www.dolni-bousov.cz\/media\/wp-content\/gallery\/rekonstrukce-radnice-ii-cervenec-rijen-2015\/thumbs\/thumbs_DSCF4037.JPG\"\n               data-image-id=\"1129\"\n               data-title=\"DSCF4037\"\n               data-description=\"\"\n               data-image-slug=\"dscf4037\"\n               class=\"ngg-fancybox\" rel=\"2617\">\n                <img\n                    title=\"DSCF4037\"\n                    alt=\"DSCF4037\"\n                    src=\"https:\/\/www.dolni-bousov.cz\/media\/wp-content\/gallery\/rekonstrukce-radnice-ii-cervenec-rijen-2015\/thumbs\/thumbs_DSCF4037.JPG\"\n                    width=\"150\"\n                    height=\"150\"\n                    style=\"max-width:100%;\"\n                \/>\n            <\/a>\n        <\/div>\n\t\t\t\t\t\t\t<\/div> \n\t\t\t\n        \n\t\t\t\t<div id=\"ngg-image-24\" class=\"ngg-gallery-thumbnail-box\" >\n\t\t\t\t        <div class=\"ngg-gallery-thumbnail\">\n            <a href=\"https:\/\/www.dolni-bousov.cz\/media\/wp-content\/gallery\/rekonstrukce-radnice-ii-cervenec-rijen-2015\/DSCF4038.JPG\"\n               title=\"\"\n               data-src=\"https:\/\/www.dolni-bousov.cz\/media\/wp-content\/gallery\/rekonstrukce-radnice-ii-cervenec-rijen-2015\/DSCF4038.JPG\"\n               data-thumbnail=\"https:\/\/www.dolni-bousov.cz\/media\/wp-content\/gallery\/rekonstrukce-radnice-ii-cervenec-rijen-2015\/thumbs\/thumbs_DSCF4038.JPG\"\n               data-image-id=\"1130\"\n               data-title=\"DSCF4038\"\n               data-description=\"\"\n               data-image-slug=\"dscf4038\"\n               class=\"ngg-fancybox\" rel=\"2617\">\n                <img\n                    title=\"DSCF4038\"\n                    alt=\"DSCF4038\"\n                    src=\"https:\/\/www.dolni-bousov.cz\/media\/wp-content\/gallery\/rekonstrukce-radnice-ii-cervenec-rijen-2015\/thumbs\/thumbs_DSCF4038.JPG\"\n                    width=\"150\"\n                    height=\"150\"\n                    style=\"max-width:100%;\"\n                \/>\n            <\/a>\n        <\/div>\n\t\t\t\t\t\t\t<\/div> \n\t\t\t\n        \n\t\t\t\t<div id=\"ngg-image-25\" class=\"ngg-gallery-thumbnail-box\" >\n\t\t\t\t        <div class=\"ngg-gallery-thumbnail\">\n            <a href=\"https:\/\/www.dolni-bousov.cz\/media\/wp-content\/gallery\/rekonstrukce-radnice-ii-cervenec-rijen-2015\/DSCF4039.JPG\"\n               title=\"\"\n               data-src=\"https:\/\/www.dolni-bousov.cz\/media\/wp-content\/gallery\/rekonstrukce-radnice-ii-cervenec-rijen-2015\/DSCF4039.JPG\"\n               data-thumbnail=\"https:\/\/www.dolni-bousov.cz\/media\/wp-content\/gallery\/rekonstrukce-radnice-ii-cervenec-rijen-2015\/thumbs\/thumbs_DSCF4039.JPG\"\n               data-image-id=\"1131\"\n               data-title=\"DSCF4039\"\n               data-description=\"\"\n               data-image-slug=\"dscf4039\"\n               class=\"ngg-fancybox\" rel=\"2617\">\n                <img\n                    title=\"DSCF4039\"\n                    alt=\"DSCF4039\"\n                    src=\"https:\/\/www.dolni-bousov.cz\/media\/wp-content\/gallery\/rekonstrukce-radnice-ii-cervenec-rijen-2015\/thumbs\/thumbs_DSCF4039.JPG\"\n                    width=\"150\"\n                    height=\"150\"\n                    style=\"max-width:100%;\"\n                \/>\n            <\/a>\n        <\/div>\n\t\t\t\t\t\t\t<\/div> \n\t\t\t\n        \n\t\t\t\t<div id=\"ngg-image-26\" class=\"ngg-gallery-thumbnail-box\" >\n\t\t\t\t        <div class=\"ngg-gallery-thumbnail\">\n            <a href=\"https:\/\/www.dolni-bousov.cz\/media\/wp-content\/gallery\/rekonstrukce-radnice-ii-cervenec-rijen-2015\/DSCF4040.JPG\"\n               title=\"\"\n               data-src=\"https:\/\/www.dolni-bousov.cz\/media\/wp-content\/gallery\/rekonstrukce-radnice-ii-cervenec-rijen-2015\/DSCF4040.JPG\"\n               data-thumbnail=\"https:\/\/www.dolni-bousov.cz\/media\/wp-content\/gallery\/rekonstrukce-radnice-ii-cervenec-rijen-2015\/thumbs\/thumbs_DSCF4040.JPG\"\n               data-image-id=\"1132\"\n               data-title=\"DSCF4040\"\n               data-description=\"\"\n               data-image-slug=\"dscf4040\"\n               class=\"ngg-fancybox\" rel=\"2617\">\n                <img\n                    title=\"DSCF4040\"\n                    alt=\"DSCF4040\"\n                    src=\"https:\/\/www.dolni-bousov.cz\/media\/wp-content\/gallery\/rekonstrukce-radnice-ii-cervenec-rijen-2015\/thumbs\/thumbs_DSCF4040.JPG\"\n                    width=\"150\"\n                    height=\"150\"\n                    style=\"max-width:100%;\"\n                \/>\n            <\/a>\n        <\/div>\n\t\t\t\t\t\t\t<\/div> \n\t\t\t\n        \n\t\t\t\t<div id=\"ngg-image-27\" class=\"ngg-gallery-thumbnail-box\" >\n\t\t\t\t        <div class=\"ngg-gallery-thumbnail\">\n            <a href=\"https:\/\/www.dolni-bousov.cz\/media\/wp-content\/gallery\/rekonstrukce-radnice-ii-cervenec-rijen-2015\/DSCF4127.JPG\"\n               title=\"\"\n               data-src=\"https:\/\/www.dolni-bousov.cz\/media\/wp-content\/gallery\/rekonstrukce-radnice-ii-cervenec-rijen-2015\/DSCF4127.JPG\"\n               data-thumbnail=\"https:\/\/www.dolni-bousov.cz\/media\/wp-content\/gallery\/rekonstrukce-radnice-ii-cervenec-rijen-2015\/thumbs\/thumbs_DSCF4127.JPG\"\n               data-image-id=\"1133\"\n               data-title=\"DSCF4127\"\n               data-description=\"\"\n               data-image-slug=\"dscf4127\"\n               class=\"ngg-fancybox\" rel=\"2617\">\n                <img\n                    title=\"DSCF4127\"\n                    alt=\"DSCF4127\"\n                    src=\"https:\/\/www.dolni-bousov.cz\/media\/wp-content\/gallery\/rekonstrukce-radnice-ii-cervenec-rijen-2015\/thumbs\/thumbs_DSCF4127.JPG\"\n                    width=\"150\"\n                    height=\"150\"\n                    style=\"max-width:100%;\"\n                \/>\n            <\/a>\n        <\/div>\n\t\t\t\t\t\t\t<\/div> \n\t\t\t\n        \n\t\t\t\t<div id=\"ngg-image-28\" class=\"ngg-gallery-thumbnail-box\" >\n\t\t\t\t        <div class=\"ngg-gallery-thumbnail\">\n            <a href=\"https:\/\/www.dolni-bousov.cz\/media\/wp-content\/gallery\/rekonstrukce-radnice-ii-cervenec-rijen-2015\/DSCF4129.JPG\"\n               title=\"\"\n               data-src=\"https:\/\/www.dolni-bousov.cz\/media\/wp-content\/gallery\/rekonstrukce-radnice-ii-cervenec-rijen-2015\/DSCF4129.JPG\"\n               data-thumbnail=\"https:\/\/www.dolni-bousov.cz\/media\/wp-content\/gallery\/rekonstrukce-radnice-ii-cervenec-rijen-2015\/thumbs\/thumbs_DSCF4129.JPG\"\n               data-image-id=\"1134\"\n               data-title=\"DSCF4129\"\n               data-description=\"\"\n               data-image-slug=\"dscf4129\"\n               class=\"ngg-fancybox\" rel=\"2617\">\n                <img\n                    title=\"DSCF4129\"\n                    alt=\"DSCF4129\"\n                    src=\"https:\/\/www.dolni-bousov.cz\/media\/wp-content\/gallery\/rekonstrukce-radnice-ii-cervenec-rijen-2015\/thumbs\/thumbs_DSCF4129.JPG\"\n                    width=\"150\"\n                    height=\"150\"\n                    style=\"max-width:100%;\"\n                \/>\n            <\/a>\n        <\/div>\n\t\t\t\t\t\t\t<\/div> \n\t\t\t\n        \n\t\t\t\t<div id=\"ngg-image-29\" class=\"ngg-gallery-thumbnail-box\" >\n\t\t\t\t        <div class=\"ngg-gallery-thumbnail\">\n            <a href=\"https:\/\/www.dolni-bousov.cz\/media\/wp-content\/gallery\/rekonstrukce-radnice-ii-cervenec-rijen-2015\/DSCF4137.JPG\"\n               title=\"\"\n               data-src=\"https:\/\/www.dolni-bousov.cz\/media\/wp-content\/gallery\/rekonstrukce-radnice-ii-cervenec-rijen-2015\/DSCF4137.JPG\"\n               data-thumbnail=\"https:\/\/www.dolni-bousov.cz\/media\/wp-content\/gallery\/rekonstrukce-radnice-ii-cervenec-rijen-2015\/thumbs\/thumbs_DSCF4137.JPG\"\n               data-image-id=\"1135\"\n               data-title=\"DSCF4137\"\n               data-description=\"\"\n               data-image-slug=\"dscf4137\"\n               class=\"ngg-fancybox\" rel=\"2617\">\n                <img\n                    title=\"DSCF4137\"\n                    alt=\"DSCF4137\"\n                    src=\"https:\/\/www.dolni-bousov.cz\/media\/wp-content\/gallery\/rekonstrukce-radnice-ii-cervenec-rijen-2015\/thumbs\/thumbs_DSCF4137.JPG\"\n                    width=\"150\"\n                    height=\"150\"\n                    style=\"max-width:100%;\"\n                \/>\n            <\/a>\n        <\/div>\n\t\t\t\t\t\t\t<\/div> \n\t\t\t\n        \n\t\t\n\t\t<!-- Pagination -->\n\t<div class='ngg-navigation'><span class='current'>1<\/span>\n<a class='page-numbers' data-pageid='2' href='https:\/\/www.dolni-bousov.cz\/media\/rekonstrukce-radnice-ii-cervenec-rijen-2015\/nggallery\/page\/2'>2<\/a>\n<a class='prev' href='https:\/\/www.dolni-bousov.cz\/media\/rekonstrukce-radnice-ii-cervenec-rijen-2015\/nggallery\/page\/2' data-pageid=2>&#9658;<\/a><\/div>\t<\/div>\n<\/p>\n","protected":false},"excerpt":{"rendered":"<p>1 2 &#9658;<\/p>\n","protected":false},"author":1,"featured_media":2619,"comment_status":"closed","ping_status":"closed","sticky":false,"template":"","format":"gallery","meta":{"ngg_post_thumbnail":0,"footnotes":""},"categories":[6],"tags":[],"class_list":["post-2616","post","type-post","status-publish","format-gallery","has-post-thumbnail","hentry","category-investicni-akce-mesta","post_format-post-format-gallery"],"_links":{"self":[{"href":"https:\/\/www.dolni-bousov.cz\/media\/wp-json\/wp\/v2\/posts\/2616","targetHints":{"allow":["GET"]}}],"collection":[{"href":"https:\/\/www.dolni-bousov.cz\/media\/wp-json\/wp\/v2\/posts"}],"about":[{"href":"https:\/\/www.dolni-bousov.cz\/media\/wp-json\/wp\/v2\/types\/post"}],"author":[{"embeddable":true,"href":"https:\/\/www.dolni-bousov.cz\/media\/wp-json\/wp\/v2\/users\/1"}],"replies":[{"embeddable":true,"href":"https:\/\/www.dolni-bousov.cz\/media\/wp-json\/wp\/v2\/comments?post=2616"}],"version-history":[{"count":1,"href":"https:\/\/www.dolni-bousov.cz\/media\/wp-json\/wp\/v2\/posts\/2616\/revisions"}],"predecessor-version":[{"id":2620,"href":"https:\/\/www.dolni-bousov.cz\/media\/wp-json\/wp\/v2\/posts\/2616\/revisions\/2620"}],"wp:featuredmedia":[{"embeddable":true,"href":"https:\/\/www.dolni-bousov.cz\/media\/wp-json\/wp\/v2\/media\/2619"}],"wp:attachment":[{"href":"https:\/\/www.dolni-bousov.cz\/media\/wp-json\/wp\/v2\/media?parent=2616"}],"wp:term":[{"taxonomy":"category","embeddable":true,"href":"https:\/\/www.dolni-bousov.cz\/media\/wp-json\/wp\/v2\/categories?post=2616"},{"taxonomy":"post_tag","embeddable":true,"href":"https:\/\/www.dolni-bousov.cz\/media\/wp-json\/wp\/v2\/tags?post=2616"}],"curies":[{"name":"wp","href":"https:\/\/api.w.org\/{rel}","templated":true}]}}