{"id":30744,"date":"2025-10-07T10:03:50","date_gmt":"2025-10-07T10:03:50","guid":{"rendered":"http:\/\/www.dolni-bousov.cz\/media\/?p=30744"},"modified":"2025-10-07T10:03:50","modified_gmt":"2025-10-07T10:03:50","slug":"volby-do-poslanecke-snemovny-parlamentu-cr-4-5-10-2025","status":"publish","type":"post","link":"https:\/\/www.dolni-bousov.cz\/media\/volby-do-poslanecke-snemovny-parlamentu-cr-4-5-10-2025\/","title":{"rendered":"Volby do Poslaneck\u00e9 sn\u011bmovny Parlamentu \u010cR 4. &#8211; 5. 10. 2025"},"content":{"rendered":"<p><!-- index.php -->\n<div\n\tclass=\"ngg-galleryoverview ngg-ajax-pagination-none\"\n\tid=\"ngg-gallery-30766-1\">\n\n    \t\t<!-- Thumbnails -->\n\t\t\t\t<div id=\"ngg-image-0\" class=\"ngg-gallery-thumbnail-box\" >\n\t\t\t\t        <div class=\"ngg-gallery-thumbnail\">\n            <a href=\"https:\/\/www.dolni-bousov.cz\/media\/wp-content\/gallery\/volby-do-poslanecke-snemovny-parlamentu-cr-4-5-10-2025\/IMG_7010.jpg\"\n               title=\"\"\n               data-src=\"https:\/\/www.dolni-bousov.cz\/media\/wp-content\/gallery\/volby-do-poslanecke-snemovny-parlamentu-cr-4-5-10-2025\/IMG_7010.jpg\"\n               data-thumbnail=\"https:\/\/www.dolni-bousov.cz\/media\/wp-content\/gallery\/volby-do-poslanecke-snemovny-parlamentu-cr-4-5-10-2025\/thumbs\/thumbs_IMG_7010.jpg\"\n               data-image-id=\"13852\"\n               data-title=\"IMG_7010\"\n               data-description=\"\"\n               data-image-slug=\"img_7010-1\"\n               class=\"ngg-fancybox\" rel=\"30766\">\n                <img\n                    title=\"IMG_7010\"\n                    alt=\"IMG_7010\"\n                    src=\"https:\/\/www.dolni-bousov.cz\/media\/wp-content\/gallery\/volby-do-poslanecke-snemovny-parlamentu-cr-4-5-10-2025\/thumbs\/thumbs_IMG_7010.jpg\"\n                    width=\"150\"\n                    height=\"150\"\n                    style=\"max-width:100%;\"\n                \/>\n            <\/a>\n        <\/div>\n\t\t\t\t\t\t\t<\/div> \n\t\t\t\n        \n\t\t\t\t<div id=\"ngg-image-1\" class=\"ngg-gallery-thumbnail-box\" >\n\t\t\t\t        <div class=\"ngg-gallery-thumbnail\">\n            <a href=\"https:\/\/www.dolni-bousov.cz\/media\/wp-content\/gallery\/volby-do-poslanecke-snemovny-parlamentu-cr-4-5-10-2025\/IMG_7013.jpg\"\n               title=\"\"\n               data-src=\"https:\/\/www.dolni-bousov.cz\/media\/wp-content\/gallery\/volby-do-poslanecke-snemovny-parlamentu-cr-4-5-10-2025\/IMG_7013.jpg\"\n               data-thumbnail=\"https:\/\/www.dolni-bousov.cz\/media\/wp-content\/gallery\/volby-do-poslanecke-snemovny-parlamentu-cr-4-5-10-2025\/thumbs\/thumbs_IMG_7013.jpg\"\n               data-image-id=\"13853\"\n               data-title=\"IMG_7013\"\n               data-description=\"\"\n               data-image-slug=\"img_7013-1\"\n               class=\"ngg-fancybox\" rel=\"30766\">\n                <img\n                    title=\"IMG_7013\"\n                    alt=\"IMG_7013\"\n                    src=\"https:\/\/www.dolni-bousov.cz\/media\/wp-content\/gallery\/volby-do-poslanecke-snemovny-parlamentu-cr-4-5-10-2025\/thumbs\/thumbs_IMG_7013.jpg\"\n                    width=\"150\"\n                    height=\"150\"\n                    style=\"max-width:100%;\"\n                \/>\n            <\/a>\n        <\/div>\n\t\t\t\t\t\t\t<\/div> \n\t\t\t\n        \n\t\t\t\t<div id=\"ngg-image-2\" class=\"ngg-gallery-thumbnail-box\" >\n\t\t\t\t        <div class=\"ngg-gallery-thumbnail\">\n            <a href=\"https:\/\/www.dolni-bousov.cz\/media\/wp-content\/gallery\/volby-do-poslanecke-snemovny-parlamentu-cr-4-5-10-2025\/IMG_7018.jpg\"\n               title=\"\"\n               data-src=\"https:\/\/www.dolni-bousov.cz\/media\/wp-content\/gallery\/volby-do-poslanecke-snemovny-parlamentu-cr-4-5-10-2025\/IMG_7018.jpg\"\n               data-thumbnail=\"https:\/\/www.dolni-bousov.cz\/media\/wp-content\/gallery\/volby-do-poslanecke-snemovny-parlamentu-cr-4-5-10-2025\/thumbs\/thumbs_IMG_7018.jpg\"\n               data-image-id=\"13854\"\n               data-title=\"IMG_7018\"\n               data-description=\"\"\n               data-image-slug=\"img_7018-1\"\n               class=\"ngg-fancybox\" rel=\"30766\">\n                <img\n                    title=\"IMG_7018\"\n                    alt=\"IMG_7018\"\n                    src=\"https:\/\/www.dolni-bousov.cz\/media\/wp-content\/gallery\/volby-do-poslanecke-snemovny-parlamentu-cr-4-5-10-2025\/thumbs\/thumbs_IMG_7018.jpg\"\n                    width=\"150\"\n                    height=\"150\"\n                    style=\"max-width:100%;\"\n                \/>\n            <\/a>\n        <\/div>\n\t\t\t\t\t\t\t<\/div> \n\t\t\t\n        \n\t\t\t\t<div id=\"ngg-image-3\" class=\"ngg-gallery-thumbnail-box\" >\n\t\t\t\t        <div class=\"ngg-gallery-thumbnail\">\n            <a href=\"https:\/\/www.dolni-bousov.cz\/media\/wp-content\/gallery\/volby-do-poslanecke-snemovny-parlamentu-cr-4-5-10-2025\/IMG_7020.jpg\"\n               title=\"\"\n               data-src=\"https:\/\/www.dolni-bousov.cz\/media\/wp-content\/gallery\/volby-do-poslanecke-snemovny-parlamentu-cr-4-5-10-2025\/IMG_7020.jpg\"\n               data-thumbnail=\"https:\/\/www.dolni-bousov.cz\/media\/wp-content\/gallery\/volby-do-poslanecke-snemovny-parlamentu-cr-4-5-10-2025\/thumbs\/thumbs_IMG_7020.jpg\"\n               data-image-id=\"13855\"\n               data-title=\"IMG_7020\"\n               data-description=\"\"\n               data-image-slug=\"img_7020-1\"\n               class=\"ngg-fancybox\" rel=\"30766\">\n                <img\n                    title=\"IMG_7020\"\n                    alt=\"IMG_7020\"\n                    src=\"https:\/\/www.dolni-bousov.cz\/media\/wp-content\/gallery\/volby-do-poslanecke-snemovny-parlamentu-cr-4-5-10-2025\/thumbs\/thumbs_IMG_7020.jpg\"\n                    width=\"150\"\n                    height=\"150\"\n                    style=\"max-width:100%;\"\n                \/>\n            <\/a>\n        <\/div>\n\t\t\t\t\t\t\t<\/div> \n\t\t\t\n        \n\t\t\t\t<div id=\"ngg-image-4\" class=\"ngg-gallery-thumbnail-box\" >\n\t\t\t\t        <div class=\"ngg-gallery-thumbnail\">\n            <a href=\"https:\/\/www.dolni-bousov.cz\/media\/wp-content\/gallery\/volby-do-poslanecke-snemovny-parlamentu-cr-4-5-10-2025\/IMG_7022.jpg\"\n               title=\"\"\n               data-src=\"https:\/\/www.dolni-bousov.cz\/media\/wp-content\/gallery\/volby-do-poslanecke-snemovny-parlamentu-cr-4-5-10-2025\/IMG_7022.jpg\"\n               data-thumbnail=\"https:\/\/www.dolni-bousov.cz\/media\/wp-content\/gallery\/volby-do-poslanecke-snemovny-parlamentu-cr-4-5-10-2025\/thumbs\/thumbs_IMG_7022.jpg\"\n               data-image-id=\"13856\"\n               data-title=\"IMG_7022\"\n               data-description=\"\"\n               data-image-slug=\"img_7022-1\"\n               class=\"ngg-fancybox\" rel=\"30766\">\n                <img\n                    title=\"IMG_7022\"\n                    alt=\"IMG_7022\"\n                    src=\"https:\/\/www.dolni-bousov.cz\/media\/wp-content\/gallery\/volby-do-poslanecke-snemovny-parlamentu-cr-4-5-10-2025\/thumbs\/thumbs_IMG_7022.jpg\"\n                    width=\"150\"\n                    height=\"150\"\n                    style=\"max-width:100%;\"\n                \/>\n            <\/a>\n        <\/div>\n\t\t\t\t\t\t\t<\/div> \n\t\t\t\n        \n\t\t\t\t<div id=\"ngg-image-5\" class=\"ngg-gallery-thumbnail-box\" >\n\t\t\t\t        <div class=\"ngg-gallery-thumbnail\">\n            <a href=\"https:\/\/www.dolni-bousov.cz\/media\/wp-content\/gallery\/volby-do-poslanecke-snemovny-parlamentu-cr-4-5-10-2025\/IMG_7025.jpg\"\n               title=\"\"\n               data-src=\"https:\/\/www.dolni-bousov.cz\/media\/wp-content\/gallery\/volby-do-poslanecke-snemovny-parlamentu-cr-4-5-10-2025\/IMG_7025.jpg\"\n               data-thumbnail=\"https:\/\/www.dolni-bousov.cz\/media\/wp-content\/gallery\/volby-do-poslanecke-snemovny-parlamentu-cr-4-5-10-2025\/thumbs\/thumbs_IMG_7025.jpg\"\n               data-image-id=\"13857\"\n               data-title=\"IMG_7025\"\n               data-description=\"\"\n               data-image-slug=\"img_7025-1\"\n               class=\"ngg-fancybox\" rel=\"30766\">\n                <img\n                    title=\"IMG_7025\"\n                    alt=\"IMG_7025\"\n                    src=\"https:\/\/www.dolni-bousov.cz\/media\/wp-content\/gallery\/volby-do-poslanecke-snemovny-parlamentu-cr-4-5-10-2025\/thumbs\/thumbs_IMG_7025.jpg\"\n                    width=\"150\"\n                    height=\"150\"\n                    style=\"max-width:100%;\"\n                \/>\n            <\/a>\n        <\/div>\n\t\t\t\t\t\t\t<\/div> \n\t\t\t\n        \n\t\t\t\t<div id=\"ngg-image-6\" class=\"ngg-gallery-thumbnail-box\" >\n\t\t\t\t        <div class=\"ngg-gallery-thumbnail\">\n            <a href=\"https:\/\/www.dolni-bousov.cz\/media\/wp-content\/gallery\/volby-do-poslanecke-snemovny-parlamentu-cr-4-5-10-2025\/IMG_7029.jpg\"\n               title=\"\"\n               data-src=\"https:\/\/www.dolni-bousov.cz\/media\/wp-content\/gallery\/volby-do-poslanecke-snemovny-parlamentu-cr-4-5-10-2025\/IMG_7029.jpg\"\n               data-thumbnail=\"https:\/\/www.dolni-bousov.cz\/media\/wp-content\/gallery\/volby-do-poslanecke-snemovny-parlamentu-cr-4-5-10-2025\/thumbs\/thumbs_IMG_7029.jpg\"\n               data-image-id=\"13858\"\n               data-title=\"IMG_7029\"\n               data-description=\"\"\n               data-image-slug=\"img_7029-1\"\n               class=\"ngg-fancybox\" rel=\"30766\">\n                <img\n                    title=\"IMG_7029\"\n                    alt=\"IMG_7029\"\n                    src=\"https:\/\/www.dolni-bousov.cz\/media\/wp-content\/gallery\/volby-do-poslanecke-snemovny-parlamentu-cr-4-5-10-2025\/thumbs\/thumbs_IMG_7029.jpg\"\n                    width=\"150\"\n                    height=\"150\"\n                    style=\"max-width:100%;\"\n                \/>\n            <\/a>\n        <\/div>\n\t\t\t\t\t\t\t<\/div> \n\t\t\t\n        \n\t\t\t\t<div id=\"ngg-image-7\" class=\"ngg-gallery-thumbnail-box\" >\n\t\t\t\t        <div class=\"ngg-gallery-thumbnail\">\n            <a href=\"https:\/\/www.dolni-bousov.cz\/media\/wp-content\/gallery\/volby-do-poslanecke-snemovny-parlamentu-cr-4-5-10-2025\/IMG_7034.jpg\"\n               title=\"\"\n               data-src=\"https:\/\/www.dolni-bousov.cz\/media\/wp-content\/gallery\/volby-do-poslanecke-snemovny-parlamentu-cr-4-5-10-2025\/IMG_7034.jpg\"\n               data-thumbnail=\"https:\/\/www.dolni-bousov.cz\/media\/wp-content\/gallery\/volby-do-poslanecke-snemovny-parlamentu-cr-4-5-10-2025\/thumbs\/thumbs_IMG_7034.jpg\"\n               data-image-id=\"13859\"\n               data-title=\"IMG_7034\"\n               data-description=\"\"\n               data-image-slug=\"img_7034\"\n               class=\"ngg-fancybox\" rel=\"30766\">\n                <img\n                    title=\"IMG_7034\"\n                    alt=\"IMG_7034\"\n                    src=\"https:\/\/www.dolni-bousov.cz\/media\/wp-content\/gallery\/volby-do-poslanecke-snemovny-parlamentu-cr-4-5-10-2025\/thumbs\/thumbs_IMG_7034.jpg\"\n                    width=\"150\"\n                    height=\"150\"\n                    style=\"max-width:100%;\"\n                \/>\n            <\/a>\n        <\/div>\n\t\t\t\t\t\t\t<\/div> \n\t\t\t\n        \n\t\t\t\t<div id=\"ngg-image-8\" class=\"ngg-gallery-thumbnail-box\" >\n\t\t\t\t        <div class=\"ngg-gallery-thumbnail\">\n            <a href=\"https:\/\/www.dolni-bousov.cz\/media\/wp-content\/gallery\/volby-do-poslanecke-snemovny-parlamentu-cr-4-5-10-2025\/IMG_7038.jpg\"\n               title=\"\"\n               data-src=\"https:\/\/www.dolni-bousov.cz\/media\/wp-content\/gallery\/volby-do-poslanecke-snemovny-parlamentu-cr-4-5-10-2025\/IMG_7038.jpg\"\n               data-thumbnail=\"https:\/\/www.dolni-bousov.cz\/media\/wp-content\/gallery\/volby-do-poslanecke-snemovny-parlamentu-cr-4-5-10-2025\/thumbs\/thumbs_IMG_7038.jpg\"\n               data-image-id=\"13860\"\n               data-title=\"IMG_7038\"\n               data-description=\"\"\n               data-image-slug=\"img_7038\"\n               class=\"ngg-fancybox\" rel=\"30766\">\n                <img\n                    title=\"IMG_7038\"\n                    alt=\"IMG_7038\"\n                    src=\"https:\/\/www.dolni-bousov.cz\/media\/wp-content\/gallery\/volby-do-poslanecke-snemovny-parlamentu-cr-4-5-10-2025\/thumbs\/thumbs_IMG_7038.jpg\"\n                    width=\"150\"\n                    height=\"150\"\n                    style=\"max-width:100%;\"\n                \/>\n            <\/a>\n        <\/div>\n\t\t\t\t\t\t\t<\/div> \n\t\t\t\n        \n\t\t\n\t\t<!-- Pagination -->\n\t<div class='ngg-clear'><\/div>\t<\/div>\n<\/p>\n","protected":false},"excerpt":{"rendered":"","protected":false},"author":1,"featured_media":30745,"comment_status":"closed","ping_status":"closed","sticky":false,"template":"","format":"standard","meta":{"ngg_post_thumbnail":0,"footnotes":""},"categories":[7],"tags":[],"class_list":["post-30744","post","type-post","status-publish","format-standard","has-post-thumbnail","hentry","category-kulturni-a-sportovni-akce"],"_links":{"self":[{"href":"https:\/\/www.dolni-bousov.cz\/media\/wp-json\/wp\/v2\/posts\/30744","targetHints":{"allow":["GET"]}}],"collection":[{"href":"https:\/\/www.dolni-bousov.cz\/media\/wp-json\/wp\/v2\/posts"}],"about":[{"href":"https:\/\/www.dolni-bousov.cz\/media\/wp-json\/wp\/v2\/types\/post"}],"author":[{"embeddable":true,"href":"https:\/\/www.dolni-bousov.cz\/media\/wp-json\/wp\/v2\/users\/1"}],"replies":[{"embeddable":true,"href":"https:\/\/www.dolni-bousov.cz\/media\/wp-json\/wp\/v2\/comments?post=30744"}],"version-history":[{"count":1,"href":"https:\/\/www.dolni-bousov.cz\/media\/wp-json\/wp\/v2\/posts\/30744\/revisions"}],"predecessor-version":[{"id":30767,"href":"https:\/\/www.dolni-bousov.cz\/media\/wp-json\/wp\/v2\/posts\/30744\/revisions\/30767"}],"wp:featuredmedia":[{"embeddable":true,"href":"https:\/\/www.dolni-bousov.cz\/media\/wp-json\/wp\/v2\/media\/30745"}],"wp:attachment":[{"href":"https:\/\/www.dolni-bousov.cz\/media\/wp-json\/wp\/v2\/media?parent=30744"}],"wp:term":[{"taxonomy":"category","embeddable":true,"href":"https:\/\/www.dolni-bousov.cz\/media\/wp-json\/wp\/v2\/categories?post=30744"},{"taxonomy":"post_tag","embeddable":true,"href":"https:\/\/www.dolni-bousov.cz\/media\/wp-json\/wp\/v2\/tags?post=30744"}],"curies":[{"name":"wp","href":"https:\/\/api.w.org\/{rel}","templated":true}]}}