{"id":31079,"date":"2025-10-29T20:49:56","date_gmt":"2025-10-29T20:49:56","guid":{"rendered":"http:\/\/www.dolni-bousov.cz\/media\/?p=31079"},"modified":"2025-10-29T20:49:56","modified_gmt":"2025-10-29T20:49:56","slug":"kulturni-program-dps-27-rijen-2025","status":"publish","type":"post","link":"https:\/\/www.dolni-bousov.cz\/media\/kulturni-program-dps-27-rijen-2025\/","title":{"rendered":"Kulturn\u00ed program DPS &#8211; 27. \u0159\u00edjen 2025"},"content":{"rendered":"<p>Milo\u0161 Schmiedberger &#8211; fotograf v\u00fdznamn\u00fdch osobnost\u00ed<br \/>\nMonika Kvasni\u010dkov\u00e1 &#8211; \u010desk\u00e1 here\u010dka<\/p>\n<p>P\u0159ipravili: Bea Albrecht a Ota Van\u00ed\u010dek<\/p>\n<p><!-- index.php -->\n<div\n\tclass=\"ngg-galleryoverview ngg-ajax-pagination-none\"\n\tid=\"ngg-gallery-31122-1\">\n\n    \t\t<!-- Thumbnails -->\n\t\t\t\t<div id=\"ngg-image-0\" class=\"ngg-gallery-thumbnail-box\" >\n\t\t\t\t        <div class=\"ngg-gallery-thumbnail\">\n            <a href=\"https:\/\/www.dolni-bousov.cz\/media\/wp-content\/gallery\/milos-schmiedberger-fotograf-vyznamnych-osobnosti-monika-kvasnickova-ceska-herecka-pripravili-bea-albrecht-a-ota-vanicek\/DPS-Doln%C3%AD-Bousov-%C5%99%C3%ADjen-2025.jpg\"\n               title=\"\"\n               data-src=\"https:\/\/www.dolni-bousov.cz\/media\/wp-content\/gallery\/milos-schmiedberger-fotograf-vyznamnych-osobnosti-monika-kvasnickova-ceska-herecka-pripravili-bea-albrecht-a-ota-vanicek\/DPS-Doln%C3%AD-Bousov-%C5%99%C3%ADjen-2025.jpg\"\n               data-thumbnail=\"https:\/\/www.dolni-bousov.cz\/media\/wp-content\/gallery\/milos-schmiedberger-fotograf-vyznamnych-osobnosti-monika-kvasnickova-ceska-herecka-pripravili-bea-albrecht-a-ota-vanicek\/thumbs\/thumbs_DPS-Doln%C3%AD-Bousov-%C5%99%C3%ADjen-2025.jpg\"\n               data-image-id=\"14002\"\n               data-title=\"DPS Doln\u00ed Bousov - \u0159\u00edjen 2025\"\n               data-description=\"\"\n               data-image-slug=\"dps-doln%c3%ad-bousov-%c5%99%c3%adjen-2025\"\n               class=\"ngg-fancybox\" rel=\"31122\">\n                <img\n                    title=\"DPS Doln\u00ed Bousov - \u0159\u00edjen 2025\"\n                    alt=\"DPS Doln\u00ed Bousov - \u0159\u00edjen 2025\"\n                    src=\"https:\/\/www.dolni-bousov.cz\/media\/wp-content\/gallery\/milos-schmiedberger-fotograf-vyznamnych-osobnosti-monika-kvasnickova-ceska-herecka-pripravili-bea-albrecht-a-ota-vanicek\/thumbs\/thumbs_DPS-Doln%C3%AD-Bousov-%C5%99%C3%ADjen-2025.jpg\"\n                    width=\"150\"\n                    height=\"150\"\n                    style=\"max-width:100%;\"\n                \/>\n            <\/a>\n        <\/div>\n\t\t\t\t\t\t\t<\/div> \n\t\t\t\n        \n\t\t\t\t<div id=\"ngg-image-1\" class=\"ngg-gallery-thumbnail-box\" >\n\t\t\t\t        <div class=\"ngg-gallery-thumbnail\">\n            <a href=\"https:\/\/www.dolni-bousov.cz\/media\/wp-content\/gallery\/milos-schmiedberger-fotograf-vyznamnych-osobnosti-monika-kvasnickova-ceska-herecka-pripravili-bea-albrecht-a-ota-vanicek\/IMG_7632.jpg\"\n               title=\"\"\n               data-src=\"https:\/\/www.dolni-bousov.cz\/media\/wp-content\/gallery\/milos-schmiedberger-fotograf-vyznamnych-osobnosti-monika-kvasnickova-ceska-herecka-pripravili-bea-albrecht-a-ota-vanicek\/IMG_7632.jpg\"\n               data-thumbnail=\"https:\/\/www.dolni-bousov.cz\/media\/wp-content\/gallery\/milos-schmiedberger-fotograf-vyznamnych-osobnosti-monika-kvasnickova-ceska-herecka-pripravili-bea-albrecht-a-ota-vanicek\/thumbs\/thumbs_IMG_7632.jpg\"\n               data-image-id=\"14003\"\n               data-title=\"IMG_7632\"\n               data-description=\"\"\n               data-image-slug=\"img_7632-1\"\n               class=\"ngg-fancybox\" rel=\"31122\">\n                <img\n                    title=\"IMG_7632\"\n                    alt=\"IMG_7632\"\n                    src=\"https:\/\/www.dolni-bousov.cz\/media\/wp-content\/gallery\/milos-schmiedberger-fotograf-vyznamnych-osobnosti-monika-kvasnickova-ceska-herecka-pripravili-bea-albrecht-a-ota-vanicek\/thumbs\/thumbs_IMG_7632.jpg\"\n                    width=\"150\"\n                    height=\"150\"\n                    style=\"max-width:100%;\"\n                \/>\n            <\/a>\n        <\/div>\n\t\t\t\t\t\t\t<\/div> \n\t\t\t\n        \n\t\t\t\t<div id=\"ngg-image-2\" class=\"ngg-gallery-thumbnail-box\" >\n\t\t\t\t        <div class=\"ngg-gallery-thumbnail\">\n            <a href=\"https:\/\/www.dolni-bousov.cz\/media\/wp-content\/gallery\/milos-schmiedberger-fotograf-vyznamnych-osobnosti-monika-kvasnickova-ceska-herecka-pripravili-bea-albrecht-a-ota-vanicek\/IMG_7633.jpg\"\n               title=\"\"\n               data-src=\"https:\/\/www.dolni-bousov.cz\/media\/wp-content\/gallery\/milos-schmiedberger-fotograf-vyznamnych-osobnosti-monika-kvasnickova-ceska-herecka-pripravili-bea-albrecht-a-ota-vanicek\/IMG_7633.jpg\"\n               data-thumbnail=\"https:\/\/www.dolni-bousov.cz\/media\/wp-content\/gallery\/milos-schmiedberger-fotograf-vyznamnych-osobnosti-monika-kvasnickova-ceska-herecka-pripravili-bea-albrecht-a-ota-vanicek\/thumbs\/thumbs_IMG_7633.jpg\"\n               data-image-id=\"14004\"\n               data-title=\"IMG_7633\"\n               data-description=\"\"\n               data-image-slug=\"img_7633-2\"\n               class=\"ngg-fancybox\" rel=\"31122\">\n                <img\n                    title=\"IMG_7633\"\n                    alt=\"IMG_7633\"\n                    src=\"https:\/\/www.dolni-bousov.cz\/media\/wp-content\/gallery\/milos-schmiedberger-fotograf-vyznamnych-osobnosti-monika-kvasnickova-ceska-herecka-pripravili-bea-albrecht-a-ota-vanicek\/thumbs\/thumbs_IMG_7633.jpg\"\n                    width=\"150\"\n                    height=\"150\"\n                    style=\"max-width:100%;\"\n                \/>\n            <\/a>\n        <\/div>\n\t\t\t\t\t\t\t<\/div> \n\t\t\t\n        \n\t\t\t\t<div id=\"ngg-image-3\" class=\"ngg-gallery-thumbnail-box\" >\n\t\t\t\t        <div class=\"ngg-gallery-thumbnail\">\n            <a href=\"https:\/\/www.dolni-bousov.cz\/media\/wp-content\/gallery\/milos-schmiedberger-fotograf-vyznamnych-osobnosti-monika-kvasnickova-ceska-herecka-pripravili-bea-albrecht-a-ota-vanicek\/IMG_7639.jpg\"\n               title=\"\"\n               data-src=\"https:\/\/www.dolni-bousov.cz\/media\/wp-content\/gallery\/milos-schmiedberger-fotograf-vyznamnych-osobnosti-monika-kvasnickova-ceska-herecka-pripravili-bea-albrecht-a-ota-vanicek\/IMG_7639.jpg\"\n               data-thumbnail=\"https:\/\/www.dolni-bousov.cz\/media\/wp-content\/gallery\/milos-schmiedberger-fotograf-vyznamnych-osobnosti-monika-kvasnickova-ceska-herecka-pripravili-bea-albrecht-a-ota-vanicek\/thumbs\/thumbs_IMG_7639.jpg\"\n               data-image-id=\"14005\"\n               data-title=\"IMG_7639\"\n               data-description=\"\"\n               data-image-slug=\"img_7639-1\"\n               class=\"ngg-fancybox\" rel=\"31122\">\n                <img\n                    title=\"IMG_7639\"\n                    alt=\"IMG_7639\"\n                    src=\"https:\/\/www.dolni-bousov.cz\/media\/wp-content\/gallery\/milos-schmiedberger-fotograf-vyznamnych-osobnosti-monika-kvasnickova-ceska-herecka-pripravili-bea-albrecht-a-ota-vanicek\/thumbs\/thumbs_IMG_7639.jpg\"\n                    width=\"150\"\n                    height=\"150\"\n                    style=\"max-width:100%;\"\n                \/>\n            <\/a>\n        <\/div>\n\t\t\t\t\t\t\t<\/div> \n\t\t\t\n        \n\t\t\t\t<div id=\"ngg-image-4\" class=\"ngg-gallery-thumbnail-box\" >\n\t\t\t\t        <div class=\"ngg-gallery-thumbnail\">\n            <a href=\"https:\/\/www.dolni-bousov.cz\/media\/wp-content\/gallery\/milos-schmiedberger-fotograf-vyznamnych-osobnosti-monika-kvasnickova-ceska-herecka-pripravili-bea-albrecht-a-ota-vanicek\/IMG_7640.jpg\"\n               title=\"\"\n               data-src=\"https:\/\/www.dolni-bousov.cz\/media\/wp-content\/gallery\/milos-schmiedberger-fotograf-vyznamnych-osobnosti-monika-kvasnickova-ceska-herecka-pripravili-bea-albrecht-a-ota-vanicek\/IMG_7640.jpg\"\n               data-thumbnail=\"https:\/\/www.dolni-bousov.cz\/media\/wp-content\/gallery\/milos-schmiedberger-fotograf-vyznamnych-osobnosti-monika-kvasnickova-ceska-herecka-pripravili-bea-albrecht-a-ota-vanicek\/thumbs\/thumbs_IMG_7640.jpg\"\n               data-image-id=\"14006\"\n               data-title=\"IMG_7640\"\n               data-description=\"\"\n               data-image-slug=\"img_7640-3\"\n               class=\"ngg-fancybox\" rel=\"31122\">\n                <img\n                    title=\"IMG_7640\"\n                    alt=\"IMG_7640\"\n                    src=\"https:\/\/www.dolni-bousov.cz\/media\/wp-content\/gallery\/milos-schmiedberger-fotograf-vyznamnych-osobnosti-monika-kvasnickova-ceska-herecka-pripravili-bea-albrecht-a-ota-vanicek\/thumbs\/thumbs_IMG_7640.jpg\"\n                    width=\"150\"\n                    height=\"150\"\n                    style=\"max-width:100%;\"\n                \/>\n            <\/a>\n        <\/div>\n\t\t\t\t\t\t\t<\/div> \n\t\t\t\n        \n\t\t\t\t<div id=\"ngg-image-5\" class=\"ngg-gallery-thumbnail-box\" >\n\t\t\t\t        <div class=\"ngg-gallery-thumbnail\">\n            <a href=\"https:\/\/www.dolni-bousov.cz\/media\/wp-content\/gallery\/milos-schmiedberger-fotograf-vyznamnych-osobnosti-monika-kvasnickova-ceska-herecka-pripravili-bea-albrecht-a-ota-vanicek\/IMG_7646.jpg\"\n               title=\"\"\n               data-src=\"https:\/\/www.dolni-bousov.cz\/media\/wp-content\/gallery\/milos-schmiedberger-fotograf-vyznamnych-osobnosti-monika-kvasnickova-ceska-herecka-pripravili-bea-albrecht-a-ota-vanicek\/IMG_7646.jpg\"\n               data-thumbnail=\"https:\/\/www.dolni-bousov.cz\/media\/wp-content\/gallery\/milos-schmiedberger-fotograf-vyznamnych-osobnosti-monika-kvasnickova-ceska-herecka-pripravili-bea-albrecht-a-ota-vanicek\/thumbs\/thumbs_IMG_7646.jpg\"\n               data-image-id=\"14007\"\n               data-title=\"IMG_7646\"\n               data-description=\"\"\n               data-image-slug=\"img_7646-2\"\n               class=\"ngg-fancybox\" rel=\"31122\">\n                <img\n                    title=\"IMG_7646\"\n                    alt=\"IMG_7646\"\n                    src=\"https:\/\/www.dolni-bousov.cz\/media\/wp-content\/gallery\/milos-schmiedberger-fotograf-vyznamnych-osobnosti-monika-kvasnickova-ceska-herecka-pripravili-bea-albrecht-a-ota-vanicek\/thumbs\/thumbs_IMG_7646.jpg\"\n                    width=\"150\"\n                    height=\"150\"\n                    style=\"max-width:100%;\"\n                \/>\n            <\/a>\n        <\/div>\n\t\t\t\t\t\t\t<\/div> \n\t\t\t\n        \n\t\t\t\t<div id=\"ngg-image-6\" class=\"ngg-gallery-thumbnail-box\" >\n\t\t\t\t        <div class=\"ngg-gallery-thumbnail\">\n            <a href=\"https:\/\/www.dolni-bousov.cz\/media\/wp-content\/gallery\/milos-schmiedberger-fotograf-vyznamnych-osobnosti-monika-kvasnickova-ceska-herecka-pripravili-bea-albrecht-a-ota-vanicek\/IMG_7650.jpg\"\n               title=\"\"\n               data-src=\"https:\/\/www.dolni-bousov.cz\/media\/wp-content\/gallery\/milos-schmiedberger-fotograf-vyznamnych-osobnosti-monika-kvasnickova-ceska-herecka-pripravili-bea-albrecht-a-ota-vanicek\/IMG_7650.jpg\"\n               data-thumbnail=\"https:\/\/www.dolni-bousov.cz\/media\/wp-content\/gallery\/milos-schmiedberger-fotograf-vyznamnych-osobnosti-monika-kvasnickova-ceska-herecka-pripravili-bea-albrecht-a-ota-vanicek\/thumbs\/thumbs_IMG_7650.jpg\"\n               data-image-id=\"14008\"\n               data-title=\"IMG_7650\"\n               data-description=\"\"\n               data-image-slug=\"img_7650-2\"\n               class=\"ngg-fancybox\" rel=\"31122\">\n                <img\n                    title=\"IMG_7650\"\n                    alt=\"IMG_7650\"\n                    src=\"https:\/\/www.dolni-bousov.cz\/media\/wp-content\/gallery\/milos-schmiedberger-fotograf-vyznamnych-osobnosti-monika-kvasnickova-ceska-herecka-pripravili-bea-albrecht-a-ota-vanicek\/thumbs\/thumbs_IMG_7650.jpg\"\n                    width=\"150\"\n                    height=\"150\"\n                    style=\"max-width:100%;\"\n                \/>\n            <\/a>\n        <\/div>\n\t\t\t\t\t\t\t<\/div> \n\t\t\t\n        \n\t\t\t\t<div id=\"ngg-image-7\" class=\"ngg-gallery-thumbnail-box\" >\n\t\t\t\t        <div class=\"ngg-gallery-thumbnail\">\n            <a href=\"https:\/\/www.dolni-bousov.cz\/media\/wp-content\/gallery\/milos-schmiedberger-fotograf-vyznamnych-osobnosti-monika-kvasnickova-ceska-herecka-pripravili-bea-albrecht-a-ota-vanicek\/IMG_7662.jpg\"\n               title=\"\"\n               data-src=\"https:\/\/www.dolni-bousov.cz\/media\/wp-content\/gallery\/milos-schmiedberger-fotograf-vyznamnych-osobnosti-monika-kvasnickova-ceska-herecka-pripravili-bea-albrecht-a-ota-vanicek\/IMG_7662.jpg\"\n               data-thumbnail=\"https:\/\/www.dolni-bousov.cz\/media\/wp-content\/gallery\/milos-schmiedberger-fotograf-vyznamnych-osobnosti-monika-kvasnickova-ceska-herecka-pripravili-bea-albrecht-a-ota-vanicek\/thumbs\/thumbs_IMG_7662.jpg\"\n               data-image-id=\"14009\"\n               data-title=\"IMG_7662\"\n               data-description=\"\"\n               data-image-slug=\"img_7662\"\n               class=\"ngg-fancybox\" rel=\"31122\">\n                <img\n                    title=\"IMG_7662\"\n                    alt=\"IMG_7662\"\n                    src=\"https:\/\/www.dolni-bousov.cz\/media\/wp-content\/gallery\/milos-schmiedberger-fotograf-vyznamnych-osobnosti-monika-kvasnickova-ceska-herecka-pripravili-bea-albrecht-a-ota-vanicek\/thumbs\/thumbs_IMG_7662.jpg\"\n                    width=\"150\"\n                    height=\"150\"\n                    style=\"max-width:100%;\"\n                \/>\n            <\/a>\n        <\/div>\n\t\t\t\t\t\t\t<\/div> \n\t\t\t\n        \n\t\t\t\t<div id=\"ngg-image-8\" class=\"ngg-gallery-thumbnail-box\" >\n\t\t\t\t        <div class=\"ngg-gallery-thumbnail\">\n            <a href=\"https:\/\/www.dolni-bousov.cz\/media\/wp-content\/gallery\/milos-schmiedberger-fotograf-vyznamnych-osobnosti-monika-kvasnickova-ceska-herecka-pripravili-bea-albrecht-a-ota-vanicek\/IMG_7666.jpg\"\n               title=\"\"\n               data-src=\"https:\/\/www.dolni-bousov.cz\/media\/wp-content\/gallery\/milos-schmiedberger-fotograf-vyznamnych-osobnosti-monika-kvasnickova-ceska-herecka-pripravili-bea-albrecht-a-ota-vanicek\/IMG_7666.jpg\"\n               data-thumbnail=\"https:\/\/www.dolni-bousov.cz\/media\/wp-content\/gallery\/milos-schmiedberger-fotograf-vyznamnych-osobnosti-monika-kvasnickova-ceska-herecka-pripravili-bea-albrecht-a-ota-vanicek\/thumbs\/thumbs_IMG_7666.jpg\"\n               data-image-id=\"14010\"\n               data-title=\"IMG_7666\"\n               data-description=\"\"\n               data-image-slug=\"img_7666-2\"\n               class=\"ngg-fancybox\" rel=\"31122\">\n                <img\n                    title=\"IMG_7666\"\n                    alt=\"IMG_7666\"\n                    src=\"https:\/\/www.dolni-bousov.cz\/media\/wp-content\/gallery\/milos-schmiedberger-fotograf-vyznamnych-osobnosti-monika-kvasnickova-ceska-herecka-pripravili-bea-albrecht-a-ota-vanicek\/thumbs\/thumbs_IMG_7666.jpg\"\n                    width=\"150\"\n                    height=\"150\"\n                    style=\"max-width:100%;\"\n                \/>\n            <\/a>\n        <\/div>\n\t\t\t\t\t\t\t<\/div> \n\t\t\t\n        \n\t\t\t\t<div id=\"ngg-image-9\" class=\"ngg-gallery-thumbnail-box\" >\n\t\t\t\t        <div class=\"ngg-gallery-thumbnail\">\n            <a href=\"https:\/\/www.dolni-bousov.cz\/media\/wp-content\/gallery\/milos-schmiedberger-fotograf-vyznamnych-osobnosti-monika-kvasnickova-ceska-herecka-pripravili-bea-albrecht-a-ota-vanicek\/IMG_7667.jpg\"\n               title=\"\"\n               data-src=\"https:\/\/www.dolni-bousov.cz\/media\/wp-content\/gallery\/milos-schmiedberger-fotograf-vyznamnych-osobnosti-monika-kvasnickova-ceska-herecka-pripravili-bea-albrecht-a-ota-vanicek\/IMG_7667.jpg\"\n               data-thumbnail=\"https:\/\/www.dolni-bousov.cz\/media\/wp-content\/gallery\/milos-schmiedberger-fotograf-vyznamnych-osobnosti-monika-kvasnickova-ceska-herecka-pripravili-bea-albrecht-a-ota-vanicek\/thumbs\/thumbs_IMG_7667.jpg\"\n               data-image-id=\"14011\"\n               data-title=\"IMG_7667\"\n               data-description=\"\"\n               data-image-slug=\"img_7667-2\"\n               class=\"ngg-fancybox\" rel=\"31122\">\n                <img\n                    title=\"IMG_7667\"\n                    alt=\"IMG_7667\"\n                    src=\"https:\/\/www.dolni-bousov.cz\/media\/wp-content\/gallery\/milos-schmiedberger-fotograf-vyznamnych-osobnosti-monika-kvasnickova-ceska-herecka-pripravili-bea-albrecht-a-ota-vanicek\/thumbs\/thumbs_IMG_7667.jpg\"\n                    width=\"150\"\n                    height=\"150\"\n                    style=\"max-width:100%;\"\n                \/>\n            <\/a>\n        <\/div>\n\t\t\t\t\t\t\t<\/div> \n\t\t\t\n        \n\t\t\t\t<div id=\"ngg-image-10\" class=\"ngg-gallery-thumbnail-box\" >\n\t\t\t\t        <div class=\"ngg-gallery-thumbnail\">\n            <a href=\"https:\/\/www.dolni-bousov.cz\/media\/wp-content\/gallery\/milos-schmiedberger-fotograf-vyznamnych-osobnosti-monika-kvasnickova-ceska-herecka-pripravili-bea-albrecht-a-ota-vanicek\/IMG_7674.jpg\"\n               title=\"\"\n               data-src=\"https:\/\/www.dolni-bousov.cz\/media\/wp-content\/gallery\/milos-schmiedberger-fotograf-vyznamnych-osobnosti-monika-kvasnickova-ceska-herecka-pripravili-bea-albrecht-a-ota-vanicek\/IMG_7674.jpg\"\n               data-thumbnail=\"https:\/\/www.dolni-bousov.cz\/media\/wp-content\/gallery\/milos-schmiedberger-fotograf-vyznamnych-osobnosti-monika-kvasnickova-ceska-herecka-pripravili-bea-albrecht-a-ota-vanicek\/thumbs\/thumbs_IMG_7674.jpg\"\n               data-image-id=\"14012\"\n               data-title=\"IMG_7674\"\n               data-description=\"\"\n               data-image-slug=\"img_7674-1\"\n               class=\"ngg-fancybox\" rel=\"31122\">\n                <img\n                    title=\"IMG_7674\"\n                    alt=\"IMG_7674\"\n                    src=\"https:\/\/www.dolni-bousov.cz\/media\/wp-content\/gallery\/milos-schmiedberger-fotograf-vyznamnych-osobnosti-monika-kvasnickova-ceska-herecka-pripravili-bea-albrecht-a-ota-vanicek\/thumbs\/thumbs_IMG_7674.jpg\"\n                    width=\"150\"\n                    height=\"150\"\n                    style=\"max-width:100%;\"\n                \/>\n            <\/a>\n        <\/div>\n\t\t\t\t\t\t\t<\/div> \n\t\t\t\n        \n\t\t\t\t<div id=\"ngg-image-11\" class=\"ngg-gallery-thumbnail-box\" >\n\t\t\t\t        <div class=\"ngg-gallery-thumbnail\">\n            <a href=\"https:\/\/www.dolni-bousov.cz\/media\/wp-content\/gallery\/milos-schmiedberger-fotograf-vyznamnych-osobnosti-monika-kvasnickova-ceska-herecka-pripravili-bea-albrecht-a-ota-vanicek\/IMG_7679.jpg\"\n               title=\"\"\n               data-src=\"https:\/\/www.dolni-bousov.cz\/media\/wp-content\/gallery\/milos-schmiedberger-fotograf-vyznamnych-osobnosti-monika-kvasnickova-ceska-herecka-pripravili-bea-albrecht-a-ota-vanicek\/IMG_7679.jpg\"\n               data-thumbnail=\"https:\/\/www.dolni-bousov.cz\/media\/wp-content\/gallery\/milos-schmiedberger-fotograf-vyznamnych-osobnosti-monika-kvasnickova-ceska-herecka-pripravili-bea-albrecht-a-ota-vanicek\/thumbs\/thumbs_IMG_7679.jpg\"\n               data-image-id=\"14013\"\n               data-title=\"IMG_7679\"\n               data-description=\"\"\n               data-image-slug=\"img_7679-1\"\n               class=\"ngg-fancybox\" rel=\"31122\">\n                <img\n                    title=\"IMG_7679\"\n                    alt=\"IMG_7679\"\n                    src=\"https:\/\/www.dolni-bousov.cz\/media\/wp-content\/gallery\/milos-schmiedberger-fotograf-vyznamnych-osobnosti-monika-kvasnickova-ceska-herecka-pripravili-bea-albrecht-a-ota-vanicek\/thumbs\/thumbs_IMG_7679.jpg\"\n                    width=\"150\"\n                    height=\"150\"\n                    style=\"max-width:100%;\"\n                \/>\n            <\/a>\n        <\/div>\n\t\t\t\t\t\t\t<\/div> \n\t\t\t\n        \n\t\t\t\t<div id=\"ngg-image-12\" class=\"ngg-gallery-thumbnail-box\" >\n\t\t\t\t        <div class=\"ngg-gallery-thumbnail\">\n            <a href=\"https:\/\/www.dolni-bousov.cz\/media\/wp-content\/gallery\/milos-schmiedberger-fotograf-vyznamnych-osobnosti-monika-kvasnickova-ceska-herecka-pripravili-bea-albrecht-a-ota-vanicek\/IMG_7683.jpg\"\n               title=\"\"\n               data-src=\"https:\/\/www.dolni-bousov.cz\/media\/wp-content\/gallery\/milos-schmiedberger-fotograf-vyznamnych-osobnosti-monika-kvasnickova-ceska-herecka-pripravili-bea-albrecht-a-ota-vanicek\/IMG_7683.jpg\"\n               data-thumbnail=\"https:\/\/www.dolni-bousov.cz\/media\/wp-content\/gallery\/milos-schmiedberger-fotograf-vyznamnych-osobnosti-monika-kvasnickova-ceska-herecka-pripravili-bea-albrecht-a-ota-vanicek\/thumbs\/thumbs_IMG_7683.jpg\"\n               data-image-id=\"14014\"\n               data-title=\"IMG_7683\"\n               data-description=\"\"\n               data-image-slug=\"img_7683-1\"\n               class=\"ngg-fancybox\" rel=\"31122\">\n                <img\n                    title=\"IMG_7683\"\n                    alt=\"IMG_7683\"\n                    src=\"https:\/\/www.dolni-bousov.cz\/media\/wp-content\/gallery\/milos-schmiedberger-fotograf-vyznamnych-osobnosti-monika-kvasnickova-ceska-herecka-pripravili-bea-albrecht-a-ota-vanicek\/thumbs\/thumbs_IMG_7683.jpg\"\n                    width=\"150\"\n                    height=\"150\"\n                    style=\"max-width:100%;\"\n                \/>\n            <\/a>\n        <\/div>\n\t\t\t\t\t\t\t<\/div> \n\t\t\t\n        \n\t\t\t\t<div id=\"ngg-image-13\" class=\"ngg-gallery-thumbnail-box\" >\n\t\t\t\t        <div class=\"ngg-gallery-thumbnail\">\n            <a href=\"https:\/\/www.dolni-bousov.cz\/media\/wp-content\/gallery\/milos-schmiedberger-fotograf-vyznamnych-osobnosti-monika-kvasnickova-ceska-herecka-pripravili-bea-albrecht-a-ota-vanicek\/IMG_7685.jpg\"\n               title=\"\"\n               data-src=\"https:\/\/www.dolni-bousov.cz\/media\/wp-content\/gallery\/milos-schmiedberger-fotograf-vyznamnych-osobnosti-monika-kvasnickova-ceska-herecka-pripravili-bea-albrecht-a-ota-vanicek\/IMG_7685.jpg\"\n               data-thumbnail=\"https:\/\/www.dolni-bousov.cz\/media\/wp-content\/gallery\/milos-schmiedberger-fotograf-vyznamnych-osobnosti-monika-kvasnickova-ceska-herecka-pripravili-bea-albrecht-a-ota-vanicek\/thumbs\/thumbs_IMG_7685.jpg\"\n               data-image-id=\"14015\"\n               data-title=\"IMG_7685\"\n               data-description=\"\"\n               data-image-slug=\"img_7685-1\"\n               class=\"ngg-fancybox\" rel=\"31122\">\n                <img\n                    title=\"IMG_7685\"\n                    alt=\"IMG_7685\"\n                    src=\"https:\/\/www.dolni-bousov.cz\/media\/wp-content\/gallery\/milos-schmiedberger-fotograf-vyznamnych-osobnosti-monika-kvasnickova-ceska-herecka-pripravili-bea-albrecht-a-ota-vanicek\/thumbs\/thumbs_IMG_7685.jpg\"\n                    width=\"150\"\n                    height=\"150\"\n                    style=\"max-width:100%;\"\n                \/>\n            <\/a>\n        <\/div>\n\t\t\t\t\t\t\t<\/div> \n\t\t\t\n        \n\t\t\t\t<div id=\"ngg-image-14\" class=\"ngg-gallery-thumbnail-box\" >\n\t\t\t\t        <div class=\"ngg-gallery-thumbnail\">\n            <a href=\"https:\/\/www.dolni-bousov.cz\/media\/wp-content\/gallery\/milos-schmiedberger-fotograf-vyznamnych-osobnosti-monika-kvasnickova-ceska-herecka-pripravili-bea-albrecht-a-ota-vanicek\/IMG_7692.jpg\"\n               title=\"\"\n               data-src=\"https:\/\/www.dolni-bousov.cz\/media\/wp-content\/gallery\/milos-schmiedberger-fotograf-vyznamnych-osobnosti-monika-kvasnickova-ceska-herecka-pripravili-bea-albrecht-a-ota-vanicek\/IMG_7692.jpg\"\n               data-thumbnail=\"https:\/\/www.dolni-bousov.cz\/media\/wp-content\/gallery\/milos-schmiedberger-fotograf-vyznamnych-osobnosti-monika-kvasnickova-ceska-herecka-pripravili-bea-albrecht-a-ota-vanicek\/thumbs\/thumbs_IMG_7692.jpg\"\n               data-image-id=\"14016\"\n               data-title=\"IMG_7692\"\n               data-description=\"\"\n               data-image-slug=\"img_7692\"\n               class=\"ngg-fancybox\" rel=\"31122\">\n                <img\n                    title=\"IMG_7692\"\n                    alt=\"IMG_7692\"\n                    src=\"https:\/\/www.dolni-bousov.cz\/media\/wp-content\/gallery\/milos-schmiedberger-fotograf-vyznamnych-osobnosti-monika-kvasnickova-ceska-herecka-pripravili-bea-albrecht-a-ota-vanicek\/thumbs\/thumbs_IMG_7692.jpg\"\n                    width=\"150\"\n                    height=\"150\"\n                    style=\"max-width:100%;\"\n                \/>\n            <\/a>\n        <\/div>\n\t\t\t\t\t\t\t<\/div> \n\t\t\t\n        \n\t\t\t\t<div id=\"ngg-image-15\" class=\"ngg-gallery-thumbnail-box\" >\n\t\t\t\t        <div class=\"ngg-gallery-thumbnail\">\n            <a href=\"https:\/\/www.dolni-bousov.cz\/media\/wp-content\/gallery\/milos-schmiedberger-fotograf-vyznamnych-osobnosti-monika-kvasnickova-ceska-herecka-pripravili-bea-albrecht-a-ota-vanicek\/IMG_7693.jpg\"\n               title=\"\"\n               data-src=\"https:\/\/www.dolni-bousov.cz\/media\/wp-content\/gallery\/milos-schmiedberger-fotograf-vyznamnych-osobnosti-monika-kvasnickova-ceska-herecka-pripravili-bea-albrecht-a-ota-vanicek\/IMG_7693.jpg\"\n               data-thumbnail=\"https:\/\/www.dolni-bousov.cz\/media\/wp-content\/gallery\/milos-schmiedberger-fotograf-vyznamnych-osobnosti-monika-kvasnickova-ceska-herecka-pripravili-bea-albrecht-a-ota-vanicek\/thumbs\/thumbs_IMG_7693.jpg\"\n               data-image-id=\"14017\"\n               data-title=\"IMG_7693\"\n               data-description=\"\"\n               data-image-slug=\"img_7693-1\"\n               class=\"ngg-fancybox\" rel=\"31122\">\n                <img\n                    title=\"IMG_7693\"\n                    alt=\"IMG_7693\"\n                    src=\"https:\/\/www.dolni-bousov.cz\/media\/wp-content\/gallery\/milos-schmiedberger-fotograf-vyznamnych-osobnosti-monika-kvasnickova-ceska-herecka-pripravili-bea-albrecht-a-ota-vanicek\/thumbs\/thumbs_IMG_7693.jpg\"\n                    width=\"150\"\n                    height=\"150\"\n                    style=\"max-width:100%;\"\n                \/>\n            <\/a>\n        <\/div>\n\t\t\t\t\t\t\t<\/div> \n\t\t\t\n        \n\t\t\t\t<div id=\"ngg-image-16\" class=\"ngg-gallery-thumbnail-box\" >\n\t\t\t\t        <div class=\"ngg-gallery-thumbnail\">\n            <a href=\"https:\/\/www.dolni-bousov.cz\/media\/wp-content\/gallery\/milos-schmiedberger-fotograf-vyznamnych-osobnosti-monika-kvasnickova-ceska-herecka-pripravili-bea-albrecht-a-ota-vanicek\/IMG_7702.jpg\"\n               title=\"\"\n               data-src=\"https:\/\/www.dolni-bousov.cz\/media\/wp-content\/gallery\/milos-schmiedberger-fotograf-vyznamnych-osobnosti-monika-kvasnickova-ceska-herecka-pripravili-bea-albrecht-a-ota-vanicek\/IMG_7702.jpg\"\n               data-thumbnail=\"https:\/\/www.dolni-bousov.cz\/media\/wp-content\/gallery\/milos-schmiedberger-fotograf-vyznamnych-osobnosti-monika-kvasnickova-ceska-herecka-pripravili-bea-albrecht-a-ota-vanicek\/thumbs\/thumbs_IMG_7702.jpg\"\n               data-image-id=\"14018\"\n               data-title=\"IMG_7702\"\n               data-description=\"\"\n               data-image-slug=\"img_7702-1\"\n               class=\"ngg-fancybox\" rel=\"31122\">\n                <img\n                    title=\"IMG_7702\"\n                    alt=\"IMG_7702\"\n                    src=\"https:\/\/www.dolni-bousov.cz\/media\/wp-content\/gallery\/milos-schmiedberger-fotograf-vyznamnych-osobnosti-monika-kvasnickova-ceska-herecka-pripravili-bea-albrecht-a-ota-vanicek\/thumbs\/thumbs_IMG_7702.jpg\"\n                    width=\"150\"\n                    height=\"150\"\n                    style=\"max-width:100%;\"\n                \/>\n            <\/a>\n        <\/div>\n\t\t\t\t\t\t\t<\/div> \n\t\t\t\n        \n\t\t\t\t<div id=\"ngg-image-17\" class=\"ngg-gallery-thumbnail-box\" >\n\t\t\t\t        <div class=\"ngg-gallery-thumbnail\">\n            <a href=\"https:\/\/www.dolni-bousov.cz\/media\/wp-content\/gallery\/milos-schmiedberger-fotograf-vyznamnych-osobnosti-monika-kvasnickova-ceska-herecka-pripravili-bea-albrecht-a-ota-vanicek\/IMG_7709.jpg\"\n               title=\"\"\n               data-src=\"https:\/\/www.dolni-bousov.cz\/media\/wp-content\/gallery\/milos-schmiedberger-fotograf-vyznamnych-osobnosti-monika-kvasnickova-ceska-herecka-pripravili-bea-albrecht-a-ota-vanicek\/IMG_7709.jpg\"\n               data-thumbnail=\"https:\/\/www.dolni-bousov.cz\/media\/wp-content\/gallery\/milos-schmiedberger-fotograf-vyznamnych-osobnosti-monika-kvasnickova-ceska-herecka-pripravili-bea-albrecht-a-ota-vanicek\/thumbs\/thumbs_IMG_7709.jpg\"\n               data-image-id=\"14019\"\n               data-title=\"IMG_7709\"\n               data-description=\"\"\n               data-image-slug=\"img_7709-1\"\n               class=\"ngg-fancybox\" rel=\"31122\">\n                <img\n                    title=\"IMG_7709\"\n                    alt=\"IMG_7709\"\n                    src=\"https:\/\/www.dolni-bousov.cz\/media\/wp-content\/gallery\/milos-schmiedberger-fotograf-vyznamnych-osobnosti-monika-kvasnickova-ceska-herecka-pripravili-bea-albrecht-a-ota-vanicek\/thumbs\/thumbs_IMG_7709.jpg\"\n                    width=\"150\"\n                    height=\"150\"\n                    style=\"max-width:100%;\"\n                \/>\n            <\/a>\n        <\/div>\n\t\t\t\t\t\t\t<\/div> \n\t\t\t\n        \n\t\t\t\t<div id=\"ngg-image-18\" class=\"ngg-gallery-thumbnail-box\" >\n\t\t\t\t        <div class=\"ngg-gallery-thumbnail\">\n            <a href=\"https:\/\/www.dolni-bousov.cz\/media\/wp-content\/gallery\/milos-schmiedberger-fotograf-vyznamnych-osobnosti-monika-kvasnickova-ceska-herecka-pripravili-bea-albrecht-a-ota-vanicek\/IMG_7713.jpg\"\n               title=\"\"\n               data-src=\"https:\/\/www.dolni-bousov.cz\/media\/wp-content\/gallery\/milos-schmiedberger-fotograf-vyznamnych-osobnosti-monika-kvasnickova-ceska-herecka-pripravili-bea-albrecht-a-ota-vanicek\/IMG_7713.jpg\"\n               data-thumbnail=\"https:\/\/www.dolni-bousov.cz\/media\/wp-content\/gallery\/milos-schmiedberger-fotograf-vyznamnych-osobnosti-monika-kvasnickova-ceska-herecka-pripravili-bea-albrecht-a-ota-vanicek\/thumbs\/thumbs_IMG_7713.jpg\"\n               data-image-id=\"14020\"\n               data-title=\"IMG_7713\"\n               data-description=\"\"\n               data-image-slug=\"img_7713-1\"\n               class=\"ngg-fancybox\" rel=\"31122\">\n                <img\n                    title=\"IMG_7713\"\n                    alt=\"IMG_7713\"\n                    src=\"https:\/\/www.dolni-bousov.cz\/media\/wp-content\/gallery\/milos-schmiedberger-fotograf-vyznamnych-osobnosti-monika-kvasnickova-ceska-herecka-pripravili-bea-albrecht-a-ota-vanicek\/thumbs\/thumbs_IMG_7713.jpg\"\n                    width=\"150\"\n                    height=\"150\"\n                    style=\"max-width:100%;\"\n                \/>\n            <\/a>\n        <\/div>\n\t\t\t\t\t\t\t<\/div> \n\t\t\t\n        \n\t\t\n\t\t<!-- Pagination -->\n\t<div class='ngg-clear'><\/div>\t<\/div>\n<\/p>\n","protected":false},"excerpt":{"rendered":"<p>Milo\u0161 Schmiedberger &#8211; fotograf v\u00fdznamn\u00fdch osobnost\u00ed Monika Kvasni\u010dkov\u00e1 &#8211; \u010desk\u00e1 here\u010dka P\u0159ipravili: Bea Albrecht a Ota Van\u00ed\u010dek<\/p>\n","protected":false},"author":1,"featured_media":31109,"comment_status":"closed","ping_status":"closed","sticky":false,"template":"","format":"standard","meta":{"ngg_post_thumbnail":0,"footnotes":""},"categories":[7],"tags":[],"class_list":["post-31079","post","type-post","status-publish","format-standard","has-post-thumbnail","hentry","category-kulturni-a-sportovni-akce"],"_links":{"self":[{"href":"https:\/\/www.dolni-bousov.cz\/media\/wp-json\/wp\/v2\/posts\/31079","targetHints":{"allow":["GET"]}}],"collection":[{"href":"https:\/\/www.dolni-bousov.cz\/media\/wp-json\/wp\/v2\/posts"}],"about":[{"href":"https:\/\/www.dolni-bousov.cz\/media\/wp-json\/wp\/v2\/types\/post"}],"author":[{"embeddable":true,"href":"https:\/\/www.dolni-bousov.cz\/media\/wp-json\/wp\/v2\/users\/1"}],"replies":[{"embeddable":true,"href":"https:\/\/www.dolni-bousov.cz\/media\/wp-json\/wp\/v2\/comments?post=31079"}],"version-history":[{"count":2,"href":"https:\/\/www.dolni-bousov.cz\/media\/wp-json\/wp\/v2\/posts\/31079\/revisions"}],"predecessor-version":[{"id":31123,"href":"https:\/\/www.dolni-bousov.cz\/media\/wp-json\/wp\/v2\/posts\/31079\/revisions\/31123"}],"wp:featuredmedia":[{"embeddable":true,"href":"https:\/\/www.dolni-bousov.cz\/media\/wp-json\/wp\/v2\/media\/31109"}],"wp:attachment":[{"href":"https:\/\/www.dolni-bousov.cz\/media\/wp-json\/wp\/v2\/media?parent=31079"}],"wp:term":[{"taxonomy":"category","embeddable":true,"href":"https:\/\/www.dolni-bousov.cz\/media\/wp-json\/wp\/v2\/categories?post=31079"},{"taxonomy":"post_tag","embeddable":true,"href":"https:\/\/www.dolni-bousov.cz\/media\/wp-json\/wp\/v2\/tags?post=31079"}],"curies":[{"name":"wp","href":"https:\/\/api.w.org\/{rel}","templated":true}]}}