{"id":31986,"date":"2026-03-31T20:05:12","date_gmt":"2026-03-31T20:05:12","guid":{"rendered":"https:\/\/www.dolni-bousov.cz\/media\/?p=31986"},"modified":"2026-03-31T20:05:12","modified_gmt":"2026-03-31T20:05:12","slug":"vitani-obcanku-arthur-kverek-tomas-pajer-vojtech-moravec-28-3-2026","status":"publish","type":"post","link":"https:\/\/www.dolni-bousov.cz\/media\/vitani-obcanku-arthur-kverek-tomas-pajer-vojtech-moravec-28-3-2026\/","title":{"rendered":"V\u00edt\u00e1n\u00ed ob\u010d\u00e1nk\u016f &#8211; Arthur Kverek &#8211; Tom\u00e1\u0161 Pajer &#8211; Vojt\u011bch Moravec 28.3.2026"},"content":{"rendered":"<!-- index.php -->\n<div\n\tclass=\"ngg-galleryoverview ngg-ajax-pagination-none\"\n\tid=\"ngg-gallery-486d5a431ffa31d94242dfce70162d80-1\">\n\n    \t\t<!-- Thumbnails -->\n\t\t\t\t<div id=\"ngg-image-0\" class=\"ngg-gallery-thumbnail-box\" >\n\t\t\t\t        <div class=\"ngg-gallery-thumbnail\">\n            <a href=\"https:\/\/www.dolni-bousov.cz\/media\/wp-content\/gallery\/vitani-obcanku-arthur-kverek-tomas-pajer-vojtech-moravec-28-3-2026\/IMG_9305.jpg\"\n               title=\"\"\n               data-src=\"https:\/\/www.dolni-bousov.cz\/media\/wp-content\/gallery\/vitani-obcanku-arthur-kverek-tomas-pajer-vojtech-moravec-28-3-2026\/IMG_9305.jpg\"\n               data-thumbnail=\"https:\/\/www.dolni-bousov.cz\/media\/wp-content\/gallery\/vitani-obcanku-arthur-kverek-tomas-pajer-vojtech-moravec-28-3-2026\/thumbs\/thumbs_IMG_9305.jpg\"\n               data-image-id=\"14394\"\n               data-title=\"IMG_9305\"\n               data-description=\"\"\n               data-image-slug=\"img_9305\"\n               class=\"ngg-fancybox\" rel=\"486d5a431ffa31d94242dfce70162d80\">\n                <img\n                    title=\"IMG_9305\"\n                    alt=\"IMG_9305\"\n                    src=\"https:\/\/www.dolni-bousov.cz\/media\/wp-content\/gallery\/vitani-obcanku-arthur-kverek-tomas-pajer-vojtech-moravec-28-3-2026\/thumbs\/thumbs_IMG_9305.jpg\"\n                    width=\"150\"\n                    height=\"150\"\n                    style=\"max-width:100%;\"\n                \/>\n            <\/a>\n        <\/div>\n\t\t\t\t\t\t\t<\/div> \n\t\t\t\n        \n\t\t\t\t<div id=\"ngg-image-1\" class=\"ngg-gallery-thumbnail-box\" >\n\t\t\t\t        <div class=\"ngg-gallery-thumbnail\">\n            <a href=\"https:\/\/www.dolni-bousov.cz\/media\/wp-content\/gallery\/vitani-obcanku-arthur-kverek-tomas-pajer-vojtech-moravec-28-3-2026\/IMG_5386.jpg\"\n               title=\"\"\n               data-src=\"https:\/\/www.dolni-bousov.cz\/media\/wp-content\/gallery\/vitani-obcanku-arthur-kverek-tomas-pajer-vojtech-moravec-28-3-2026\/IMG_5386.jpg\"\n               data-thumbnail=\"https:\/\/www.dolni-bousov.cz\/media\/wp-content\/gallery\/vitani-obcanku-arthur-kverek-tomas-pajer-vojtech-moravec-28-3-2026\/thumbs\/thumbs_IMG_5386.jpg\"\n               data-image-id=\"14395\"\n               data-title=\"IMG_5386\"\n               data-description=\"\"\n               data-image-slug=\"img_5386-1\"\n               class=\"ngg-fancybox\" rel=\"486d5a431ffa31d94242dfce70162d80\">\n                <img\n                    title=\"IMG_5386\"\n                    alt=\"IMG_5386\"\n                    src=\"https:\/\/www.dolni-bousov.cz\/media\/wp-content\/gallery\/vitani-obcanku-arthur-kverek-tomas-pajer-vojtech-moravec-28-3-2026\/thumbs\/thumbs_IMG_5386.jpg\"\n                    width=\"150\"\n                    height=\"150\"\n                    style=\"max-width:100%;\"\n                \/>\n            <\/a>\n        <\/div>\n\t\t\t\t\t\t\t<\/div> \n\t\t\t\n        \n\t\t\t\t<div id=\"ngg-image-2\" class=\"ngg-gallery-thumbnail-box\" >\n\t\t\t\t        <div class=\"ngg-gallery-thumbnail\">\n            <a href=\"https:\/\/www.dolni-bousov.cz\/media\/wp-content\/gallery\/vitani-obcanku-arthur-kverek-tomas-pajer-vojtech-moravec-28-3-2026\/IMG_5391.jpg\"\n               title=\"\"\n               data-src=\"https:\/\/www.dolni-bousov.cz\/media\/wp-content\/gallery\/vitani-obcanku-arthur-kverek-tomas-pajer-vojtech-moravec-28-3-2026\/IMG_5391.jpg\"\n               data-thumbnail=\"https:\/\/www.dolni-bousov.cz\/media\/wp-content\/gallery\/vitani-obcanku-arthur-kverek-tomas-pajer-vojtech-moravec-28-3-2026\/thumbs\/thumbs_IMG_5391.jpg\"\n               data-image-id=\"14396\"\n               data-title=\"IMG_5391\"\n               data-description=\"\"\n               data-image-slug=\"img_5391-3\"\n               class=\"ngg-fancybox\" rel=\"486d5a431ffa31d94242dfce70162d80\">\n                <img\n                    title=\"IMG_5391\"\n                    alt=\"IMG_5391\"\n                    src=\"https:\/\/www.dolni-bousov.cz\/media\/wp-content\/gallery\/vitani-obcanku-arthur-kverek-tomas-pajer-vojtech-moravec-28-3-2026\/thumbs\/thumbs_IMG_5391.jpg\"\n                    width=\"150\"\n                    height=\"150\"\n                    style=\"max-width:100%;\"\n                \/>\n            <\/a>\n        <\/div>\n\t\t\t\t\t\t\t<\/div> \n\t\t\t\n        \n\t\t\t\t<div id=\"ngg-image-3\" class=\"ngg-gallery-thumbnail-box\" >\n\t\t\t\t        <div class=\"ngg-gallery-thumbnail\">\n            <a href=\"https:\/\/www.dolni-bousov.cz\/media\/wp-content\/gallery\/vitani-obcanku-arthur-kverek-tomas-pajer-vojtech-moravec-28-3-2026\/IMG_9317.jpg\"\n               title=\"\"\n               data-src=\"https:\/\/www.dolni-bousov.cz\/media\/wp-content\/gallery\/vitani-obcanku-arthur-kverek-tomas-pajer-vojtech-moravec-28-3-2026\/IMG_9317.jpg\"\n               data-thumbnail=\"https:\/\/www.dolni-bousov.cz\/media\/wp-content\/gallery\/vitani-obcanku-arthur-kverek-tomas-pajer-vojtech-moravec-28-3-2026\/thumbs\/thumbs_IMG_9317.jpg\"\n               data-image-id=\"14397\"\n               data-title=\"IMG_9317\"\n               data-description=\"\"\n               data-image-slug=\"img_9317-1\"\n               class=\"ngg-fancybox\" rel=\"486d5a431ffa31d94242dfce70162d80\">\n                <img\n                    title=\"IMG_9317\"\n                    alt=\"IMG_9317\"\n                    src=\"https:\/\/www.dolni-bousov.cz\/media\/wp-content\/gallery\/vitani-obcanku-arthur-kverek-tomas-pajer-vojtech-moravec-28-3-2026\/thumbs\/thumbs_IMG_9317.jpg\"\n                    width=\"150\"\n                    height=\"150\"\n                    style=\"max-width:100%;\"\n                \/>\n            <\/a>\n        <\/div>\n\t\t\t\t\t\t\t<\/div> \n\t\t\t\n        \n\t\t\t\t<div id=\"ngg-image-4\" class=\"ngg-gallery-thumbnail-box\" >\n\t\t\t\t        <div class=\"ngg-gallery-thumbnail\">\n            <a href=\"https:\/\/www.dolni-bousov.cz\/media\/wp-content\/gallery\/vitani-obcanku-arthur-kverek-tomas-pajer-vojtech-moravec-28-3-2026\/IMG_9312.jpg\"\n               title=\"\"\n               data-src=\"https:\/\/www.dolni-bousov.cz\/media\/wp-content\/gallery\/vitani-obcanku-arthur-kverek-tomas-pajer-vojtech-moravec-28-3-2026\/IMG_9312.jpg\"\n               data-thumbnail=\"https:\/\/www.dolni-bousov.cz\/media\/wp-content\/gallery\/vitani-obcanku-arthur-kverek-tomas-pajer-vojtech-moravec-28-3-2026\/thumbs\/thumbs_IMG_9312.jpg\"\n               data-image-id=\"14398\"\n               data-title=\"IMG_9312\"\n               data-description=\"\"\n               data-image-slug=\"img_9312\"\n               class=\"ngg-fancybox\" rel=\"486d5a431ffa31d94242dfce70162d80\">\n                <img\n                    title=\"IMG_9312\"\n                    alt=\"IMG_9312\"\n                    src=\"https:\/\/www.dolni-bousov.cz\/media\/wp-content\/gallery\/vitani-obcanku-arthur-kverek-tomas-pajer-vojtech-moravec-28-3-2026\/thumbs\/thumbs_IMG_9312.jpg\"\n                    width=\"150\"\n                    height=\"150\"\n                    style=\"max-width:100%;\"\n                \/>\n            <\/a>\n        <\/div>\n\t\t\t\t\t\t\t<\/div> \n\t\t\t\n        \n\t\t\t\t<div id=\"ngg-image-5\" class=\"ngg-gallery-thumbnail-box\" >\n\t\t\t\t        <div class=\"ngg-gallery-thumbnail\">\n            <a href=\"https:\/\/www.dolni-bousov.cz\/media\/wp-content\/gallery\/vitani-obcanku-arthur-kverek-tomas-pajer-vojtech-moravec-28-3-2026\/IMG_9315.jpg\"\n               title=\"\"\n               data-src=\"https:\/\/www.dolni-bousov.cz\/media\/wp-content\/gallery\/vitani-obcanku-arthur-kverek-tomas-pajer-vojtech-moravec-28-3-2026\/IMG_9315.jpg\"\n               data-thumbnail=\"https:\/\/www.dolni-bousov.cz\/media\/wp-content\/gallery\/vitani-obcanku-arthur-kverek-tomas-pajer-vojtech-moravec-28-3-2026\/thumbs\/thumbs_IMG_9315.jpg\"\n               data-image-id=\"14399\"\n               data-title=\"IMG_9315\"\n               data-description=\"\"\n               data-image-slug=\"img_9315-1\"\n               class=\"ngg-fancybox\" rel=\"486d5a431ffa31d94242dfce70162d80\">\n                <img\n                    title=\"IMG_9315\"\n                    alt=\"IMG_9315\"\n                    src=\"https:\/\/www.dolni-bousov.cz\/media\/wp-content\/gallery\/vitani-obcanku-arthur-kverek-tomas-pajer-vojtech-moravec-28-3-2026\/thumbs\/thumbs_IMG_9315.jpg\"\n                    width=\"150\"\n                    height=\"150\"\n                    style=\"max-width:100%;\"\n                \/>\n            <\/a>\n        <\/div>\n\t\t\t\t\t\t\t<\/div> \n\t\t\t\n        \n\t\t\t\t<div id=\"ngg-image-6\" class=\"ngg-gallery-thumbnail-box\" >\n\t\t\t\t        <div class=\"ngg-gallery-thumbnail\">\n            <a href=\"https:\/\/www.dolni-bousov.cz\/media\/wp-content\/gallery\/vitani-obcanku-arthur-kverek-tomas-pajer-vojtech-moravec-28-3-2026\/IMG_9324.jpg\"\n               title=\"\"\n               data-src=\"https:\/\/www.dolni-bousov.cz\/media\/wp-content\/gallery\/vitani-obcanku-arthur-kverek-tomas-pajer-vojtech-moravec-28-3-2026\/IMG_9324.jpg\"\n               data-thumbnail=\"https:\/\/www.dolni-bousov.cz\/media\/wp-content\/gallery\/vitani-obcanku-arthur-kverek-tomas-pajer-vojtech-moravec-28-3-2026\/thumbs\/thumbs_IMG_9324.jpg\"\n               data-image-id=\"14400\"\n               data-title=\"IMG_9324\"\n               data-description=\"\"\n               data-image-slug=\"img_9324-1\"\n               class=\"ngg-fancybox\" rel=\"486d5a431ffa31d94242dfce70162d80\">\n                <img\n                    title=\"IMG_9324\"\n                    alt=\"IMG_9324\"\n                    src=\"https:\/\/www.dolni-bousov.cz\/media\/wp-content\/gallery\/vitani-obcanku-arthur-kverek-tomas-pajer-vojtech-moravec-28-3-2026\/thumbs\/thumbs_IMG_9324.jpg\"\n                    width=\"150\"\n                    height=\"150\"\n                    style=\"max-width:100%;\"\n                \/>\n            <\/a>\n        <\/div>\n\t\t\t\t\t\t\t<\/div> \n\t\t\t\n        \n\t\t\t\t<div id=\"ngg-image-7\" class=\"ngg-gallery-thumbnail-box\" >\n\t\t\t\t        <div class=\"ngg-gallery-thumbnail\">\n            <a href=\"https:\/\/www.dolni-bousov.cz\/media\/wp-content\/gallery\/vitani-obcanku-arthur-kverek-tomas-pajer-vojtech-moravec-28-3-2026\/IMG_9329.jpg\"\n               title=\"\"\n               data-src=\"https:\/\/www.dolni-bousov.cz\/media\/wp-content\/gallery\/vitani-obcanku-arthur-kverek-tomas-pajer-vojtech-moravec-28-3-2026\/IMG_9329.jpg\"\n               data-thumbnail=\"https:\/\/www.dolni-bousov.cz\/media\/wp-content\/gallery\/vitani-obcanku-arthur-kverek-tomas-pajer-vojtech-moravec-28-3-2026\/thumbs\/thumbs_IMG_9329.jpg\"\n               data-image-id=\"14401\"\n               data-title=\"IMG_9329\"\n               data-description=\"\"\n               data-image-slug=\"img_9329\"\n               class=\"ngg-fancybox\" rel=\"486d5a431ffa31d94242dfce70162d80\">\n                <img\n                    title=\"IMG_9329\"\n                    alt=\"IMG_9329\"\n                    src=\"https:\/\/www.dolni-bousov.cz\/media\/wp-content\/gallery\/vitani-obcanku-arthur-kverek-tomas-pajer-vojtech-moravec-28-3-2026\/thumbs\/thumbs_IMG_9329.jpg\"\n                    width=\"150\"\n                    height=\"150\"\n                    style=\"max-width:100%;\"\n                \/>\n            <\/a>\n        <\/div>\n\t\t\t\t\t\t\t<\/div> \n\t\t\t\n        \n\t\t\t\t<div id=\"ngg-image-8\" class=\"ngg-gallery-thumbnail-box\" >\n\t\t\t\t        <div class=\"ngg-gallery-thumbnail\">\n            <a href=\"https:\/\/www.dolni-bousov.cz\/media\/wp-content\/gallery\/vitani-obcanku-arthur-kverek-tomas-pajer-vojtech-moravec-28-3-2026\/IMG_9333.jpg\"\n               title=\"\"\n               data-src=\"https:\/\/www.dolni-bousov.cz\/media\/wp-content\/gallery\/vitani-obcanku-arthur-kverek-tomas-pajer-vojtech-moravec-28-3-2026\/IMG_9333.jpg\"\n               data-thumbnail=\"https:\/\/www.dolni-bousov.cz\/media\/wp-content\/gallery\/vitani-obcanku-arthur-kverek-tomas-pajer-vojtech-moravec-28-3-2026\/thumbs\/thumbs_IMG_9333.jpg\"\n               data-image-id=\"14402\"\n               data-title=\"IMG_9333\"\n               data-description=\"\"\n               data-image-slug=\"img_9333\"\n               class=\"ngg-fancybox\" rel=\"486d5a431ffa31d94242dfce70162d80\">\n                <img\n                    title=\"IMG_9333\"\n                    alt=\"IMG_9333\"\n                    src=\"https:\/\/www.dolni-bousov.cz\/media\/wp-content\/gallery\/vitani-obcanku-arthur-kverek-tomas-pajer-vojtech-moravec-28-3-2026\/thumbs\/thumbs_IMG_9333.jpg\"\n                    width=\"150\"\n                    height=\"150\"\n                    style=\"max-width:100%;\"\n                \/>\n            <\/a>\n        <\/div>\n\t\t\t\t\t\t\t<\/div> \n\t\t\t\n        \n\t\t\t\t<div id=\"ngg-image-9\" class=\"ngg-gallery-thumbnail-box\" >\n\t\t\t\t        <div class=\"ngg-gallery-thumbnail\">\n            <a href=\"https:\/\/www.dolni-bousov.cz\/media\/wp-content\/gallery\/vitani-obcanku-arthur-kverek-tomas-pajer-vojtech-moravec-28-3-2026\/IMG_9347.jpg\"\n               title=\"\"\n               data-src=\"https:\/\/www.dolni-bousov.cz\/media\/wp-content\/gallery\/vitani-obcanku-arthur-kverek-tomas-pajer-vojtech-moravec-28-3-2026\/IMG_9347.jpg\"\n               data-thumbnail=\"https:\/\/www.dolni-bousov.cz\/media\/wp-content\/gallery\/vitani-obcanku-arthur-kverek-tomas-pajer-vojtech-moravec-28-3-2026\/thumbs\/thumbs_IMG_9347.jpg\"\n               data-image-id=\"14403\"\n               data-title=\"IMG_9347\"\n               data-description=\"\"\n               data-image-slug=\"img_9347\"\n               class=\"ngg-fancybox\" rel=\"486d5a431ffa31d94242dfce70162d80\">\n                <img\n                    title=\"IMG_9347\"\n                    alt=\"IMG_9347\"\n                    src=\"https:\/\/www.dolni-bousov.cz\/media\/wp-content\/gallery\/vitani-obcanku-arthur-kverek-tomas-pajer-vojtech-moravec-28-3-2026\/thumbs\/thumbs_IMG_9347.jpg\"\n                    width=\"150\"\n                    height=\"150\"\n                    style=\"max-width:100%;\"\n                \/>\n            <\/a>\n        <\/div>\n\t\t\t\t\t\t\t<\/div> \n\t\t\t\n        \n\t\t\t\t<div id=\"ngg-image-10\" class=\"ngg-gallery-thumbnail-box\" >\n\t\t\t\t        <div class=\"ngg-gallery-thumbnail\">\n            <a href=\"https:\/\/www.dolni-bousov.cz\/media\/wp-content\/gallery\/vitani-obcanku-arthur-kverek-tomas-pajer-vojtech-moravec-28-3-2026\/IMG_9345.jpg\"\n               title=\"\"\n               data-src=\"https:\/\/www.dolni-bousov.cz\/media\/wp-content\/gallery\/vitani-obcanku-arthur-kverek-tomas-pajer-vojtech-moravec-28-3-2026\/IMG_9345.jpg\"\n               data-thumbnail=\"https:\/\/www.dolni-bousov.cz\/media\/wp-content\/gallery\/vitani-obcanku-arthur-kverek-tomas-pajer-vojtech-moravec-28-3-2026\/thumbs\/thumbs_IMG_9345.jpg\"\n               data-image-id=\"14404\"\n               data-title=\"IMG_9345\"\n               data-description=\"\"\n               data-image-slug=\"img_9345-1\"\n               class=\"ngg-fancybox\" rel=\"486d5a431ffa31d94242dfce70162d80\">\n                <img\n                    title=\"IMG_9345\"\n                    alt=\"IMG_9345\"\n                    src=\"https:\/\/www.dolni-bousov.cz\/media\/wp-content\/gallery\/vitani-obcanku-arthur-kverek-tomas-pajer-vojtech-moravec-28-3-2026\/thumbs\/thumbs_IMG_9345.jpg\"\n                    width=\"150\"\n                    height=\"150\"\n                    style=\"max-width:100%;\"\n                \/>\n            <\/a>\n        <\/div>\n\t\t\t\t\t\t\t<\/div> \n\t\t\t\n        \n\t\t\t\t<div id=\"ngg-image-11\" class=\"ngg-gallery-thumbnail-box\" >\n\t\t\t\t        <div class=\"ngg-gallery-thumbnail\">\n            <a href=\"https:\/\/www.dolni-bousov.cz\/media\/wp-content\/gallery\/vitani-obcanku-arthur-kverek-tomas-pajer-vojtech-moravec-28-3-2026\/IMG_9348.jpg\"\n               title=\"\"\n               data-src=\"https:\/\/www.dolni-bousov.cz\/media\/wp-content\/gallery\/vitani-obcanku-arthur-kverek-tomas-pajer-vojtech-moravec-28-3-2026\/IMG_9348.jpg\"\n               data-thumbnail=\"https:\/\/www.dolni-bousov.cz\/media\/wp-content\/gallery\/vitani-obcanku-arthur-kverek-tomas-pajer-vojtech-moravec-28-3-2026\/thumbs\/thumbs_IMG_9348.jpg\"\n               data-image-id=\"14405\"\n               data-title=\"IMG_9348\"\n               data-description=\"\"\n               data-image-slug=\"img_9348\"\n               class=\"ngg-fancybox\" rel=\"486d5a431ffa31d94242dfce70162d80\">\n                <img\n                    title=\"IMG_9348\"\n                    alt=\"IMG_9348\"\n                    src=\"https:\/\/www.dolni-bousov.cz\/media\/wp-content\/gallery\/vitani-obcanku-arthur-kverek-tomas-pajer-vojtech-moravec-28-3-2026\/thumbs\/thumbs_IMG_9348.jpg\"\n                    width=\"150\"\n                    height=\"150\"\n                    style=\"max-width:100%;\"\n                \/>\n            <\/a>\n        <\/div>\n\t\t\t\t\t\t\t<\/div> \n\t\t\t\n        \n\t\t\t\t<div id=\"ngg-image-12\" class=\"ngg-gallery-thumbnail-box\" >\n\t\t\t\t        <div class=\"ngg-gallery-thumbnail\">\n            <a href=\"https:\/\/www.dolni-bousov.cz\/media\/wp-content\/gallery\/vitani-obcanku-arthur-kverek-tomas-pajer-vojtech-moravec-28-3-2026\/IMG_9349.jpg\"\n               title=\"\"\n               data-src=\"https:\/\/www.dolni-bousov.cz\/media\/wp-content\/gallery\/vitani-obcanku-arthur-kverek-tomas-pajer-vojtech-moravec-28-3-2026\/IMG_9349.jpg\"\n               data-thumbnail=\"https:\/\/www.dolni-bousov.cz\/media\/wp-content\/gallery\/vitani-obcanku-arthur-kverek-tomas-pajer-vojtech-moravec-28-3-2026\/thumbs\/thumbs_IMG_9349.jpg\"\n               data-image-id=\"14406\"\n               data-title=\"IMG_9349\"\n               data-description=\"\"\n               data-image-slug=\"img_9349\"\n               class=\"ngg-fancybox\" rel=\"486d5a431ffa31d94242dfce70162d80\">\n                <img\n                    title=\"IMG_9349\"\n                    alt=\"IMG_9349\"\n                    src=\"https:\/\/www.dolni-bousov.cz\/media\/wp-content\/gallery\/vitani-obcanku-arthur-kverek-tomas-pajer-vojtech-moravec-28-3-2026\/thumbs\/thumbs_IMG_9349.jpg\"\n                    width=\"150\"\n                    height=\"150\"\n                    style=\"max-width:100%;\"\n                \/>\n            <\/a>\n        <\/div>\n\t\t\t\t\t\t\t<\/div> \n\t\t\t\n        \n\t\t\t\t<div id=\"ngg-image-13\" class=\"ngg-gallery-thumbnail-box\" >\n\t\t\t\t        <div class=\"ngg-gallery-thumbnail\">\n            <a href=\"https:\/\/www.dolni-bousov.cz\/media\/wp-content\/gallery\/vitani-obcanku-arthur-kverek-tomas-pajer-vojtech-moravec-28-3-2026\/IMG_9351.jpg\"\n               title=\"\"\n               data-src=\"https:\/\/www.dolni-bousov.cz\/media\/wp-content\/gallery\/vitani-obcanku-arthur-kverek-tomas-pajer-vojtech-moravec-28-3-2026\/IMG_9351.jpg\"\n               data-thumbnail=\"https:\/\/www.dolni-bousov.cz\/media\/wp-content\/gallery\/vitani-obcanku-arthur-kverek-tomas-pajer-vojtech-moravec-28-3-2026\/thumbs\/thumbs_IMG_9351.jpg\"\n               data-image-id=\"14407\"\n               data-title=\"IMG_9351\"\n               data-description=\"\"\n               data-image-slug=\"img_9351-1\"\n               class=\"ngg-fancybox\" rel=\"486d5a431ffa31d94242dfce70162d80\">\n                <img\n                    title=\"IMG_9351\"\n                    alt=\"IMG_9351\"\n                    src=\"https:\/\/www.dolni-bousov.cz\/media\/wp-content\/gallery\/vitani-obcanku-arthur-kverek-tomas-pajer-vojtech-moravec-28-3-2026\/thumbs\/thumbs_IMG_9351.jpg\"\n                    width=\"150\"\n                    height=\"150\"\n                    style=\"max-width:100%;\"\n                \/>\n            <\/a>\n        <\/div>\n\t\t\t\t\t\t\t<\/div> \n\t\t\t\n        \n\t\t\t\t<div id=\"ngg-image-14\" class=\"ngg-gallery-thumbnail-box\" >\n\t\t\t\t        <div class=\"ngg-gallery-thumbnail\">\n            <a href=\"https:\/\/www.dolni-bousov.cz\/media\/wp-content\/gallery\/vitani-obcanku-arthur-kverek-tomas-pajer-vojtech-moravec-28-3-2026\/IMG_9354.jpg\"\n               title=\"\"\n               data-src=\"https:\/\/www.dolni-bousov.cz\/media\/wp-content\/gallery\/vitani-obcanku-arthur-kverek-tomas-pajer-vojtech-moravec-28-3-2026\/IMG_9354.jpg\"\n               data-thumbnail=\"https:\/\/www.dolni-bousov.cz\/media\/wp-content\/gallery\/vitani-obcanku-arthur-kverek-tomas-pajer-vojtech-moravec-28-3-2026\/thumbs\/thumbs_IMG_9354.jpg\"\n               data-image-id=\"14408\"\n               data-title=\"IMG_9354\"\n               data-description=\"\"\n               data-image-slug=\"img_9354\"\n               class=\"ngg-fancybox\" rel=\"486d5a431ffa31d94242dfce70162d80\">\n                <img\n                    title=\"IMG_9354\"\n                    alt=\"IMG_9354\"\n                    src=\"https:\/\/www.dolni-bousov.cz\/media\/wp-content\/gallery\/vitani-obcanku-arthur-kverek-tomas-pajer-vojtech-moravec-28-3-2026\/thumbs\/thumbs_IMG_9354.jpg\"\n                    width=\"150\"\n                    height=\"150\"\n                    style=\"max-width:100%;\"\n                \/>\n            <\/a>\n        <\/div>\n\t\t\t\t\t\t\t<\/div> \n\t\t\t\n        \n\t\t\t\t<div id=\"ngg-image-15\" class=\"ngg-gallery-thumbnail-box\" >\n\t\t\t\t        <div class=\"ngg-gallery-thumbnail\">\n            <a href=\"https:\/\/www.dolni-bousov.cz\/media\/wp-content\/gallery\/vitani-obcanku-arthur-kverek-tomas-pajer-vojtech-moravec-28-3-2026\/IMG_9355.jpg\"\n               title=\"\"\n               data-src=\"https:\/\/www.dolni-bousov.cz\/media\/wp-content\/gallery\/vitani-obcanku-arthur-kverek-tomas-pajer-vojtech-moravec-28-3-2026\/IMG_9355.jpg\"\n               data-thumbnail=\"https:\/\/www.dolni-bousov.cz\/media\/wp-content\/gallery\/vitani-obcanku-arthur-kverek-tomas-pajer-vojtech-moravec-28-3-2026\/thumbs\/thumbs_IMG_9355.jpg\"\n               data-image-id=\"14409\"\n               data-title=\"IMG_9355\"\n               data-description=\"\"\n               data-image-slug=\"img_9355\"\n               class=\"ngg-fancybox\" rel=\"486d5a431ffa31d94242dfce70162d80\">\n                <img\n                    title=\"IMG_9355\"\n                    alt=\"IMG_9355\"\n                    src=\"https:\/\/www.dolni-bousov.cz\/media\/wp-content\/gallery\/vitani-obcanku-arthur-kverek-tomas-pajer-vojtech-moravec-28-3-2026\/thumbs\/thumbs_IMG_9355.jpg\"\n                    width=\"150\"\n                    height=\"150\"\n                    style=\"max-width:100%;\"\n                \/>\n            <\/a>\n        <\/div>\n\t\t\t\t\t\t\t<\/div> \n\t\t\t\n        \n\t\t\t\t<div id=\"ngg-image-16\" class=\"ngg-gallery-thumbnail-box\" >\n\t\t\t\t        <div class=\"ngg-gallery-thumbnail\">\n            <a href=\"https:\/\/www.dolni-bousov.cz\/media\/wp-content\/gallery\/vitani-obcanku-arthur-kverek-tomas-pajer-vojtech-moravec-28-3-2026\/IMG_9357.jpg\"\n               title=\"\"\n               data-src=\"https:\/\/www.dolni-bousov.cz\/media\/wp-content\/gallery\/vitani-obcanku-arthur-kverek-tomas-pajer-vojtech-moravec-28-3-2026\/IMG_9357.jpg\"\n               data-thumbnail=\"https:\/\/www.dolni-bousov.cz\/media\/wp-content\/gallery\/vitani-obcanku-arthur-kverek-tomas-pajer-vojtech-moravec-28-3-2026\/thumbs\/thumbs_IMG_9357.jpg\"\n               data-image-id=\"14410\"\n               data-title=\"IMG_9357\"\n               data-description=\"\"\n               data-image-slug=\"img_9357\"\n               class=\"ngg-fancybox\" rel=\"486d5a431ffa31d94242dfce70162d80\">\n                <img\n                    title=\"IMG_9357\"\n                    alt=\"IMG_9357\"\n                    src=\"https:\/\/www.dolni-bousov.cz\/media\/wp-content\/gallery\/vitani-obcanku-arthur-kverek-tomas-pajer-vojtech-moravec-28-3-2026\/thumbs\/thumbs_IMG_9357.jpg\"\n                    width=\"150\"\n                    height=\"150\"\n                    style=\"max-width:100%;\"\n                \/>\n            <\/a>\n        <\/div>\n\t\t\t\t\t\t\t<\/div> \n\t\t\t\n        \n\t\t\t\t<div id=\"ngg-image-17\" class=\"ngg-gallery-thumbnail-box\" >\n\t\t\t\t        <div class=\"ngg-gallery-thumbnail\">\n            <a href=\"https:\/\/www.dolni-bousov.cz\/media\/wp-content\/gallery\/vitani-obcanku-arthur-kverek-tomas-pajer-vojtech-moravec-28-3-2026\/IMG_9358.jpg\"\n               title=\"\"\n               data-src=\"https:\/\/www.dolni-bousov.cz\/media\/wp-content\/gallery\/vitani-obcanku-arthur-kverek-tomas-pajer-vojtech-moravec-28-3-2026\/IMG_9358.jpg\"\n               data-thumbnail=\"https:\/\/www.dolni-bousov.cz\/media\/wp-content\/gallery\/vitani-obcanku-arthur-kverek-tomas-pajer-vojtech-moravec-28-3-2026\/thumbs\/thumbs_IMG_9358.jpg\"\n               data-image-id=\"14411\"\n               data-title=\"IMG_9358\"\n               data-description=\"\"\n               data-image-slug=\"img_9358-1\"\n               class=\"ngg-fancybox\" rel=\"486d5a431ffa31d94242dfce70162d80\">\n                <img\n                    title=\"IMG_9358\"\n                    alt=\"IMG_9358\"\n                    src=\"https:\/\/www.dolni-bousov.cz\/media\/wp-content\/gallery\/vitani-obcanku-arthur-kverek-tomas-pajer-vojtech-moravec-28-3-2026\/thumbs\/thumbs_IMG_9358.jpg\"\n                    width=\"150\"\n                    height=\"150\"\n                    style=\"max-width:100%;\"\n                \/>\n            <\/a>\n        <\/div>\n\t\t\t\t\t\t\t<\/div> \n\t\t\t\n        \n\t\t\t\t<div id=\"ngg-image-18\" class=\"ngg-gallery-thumbnail-box\" >\n\t\t\t\t        <div class=\"ngg-gallery-thumbnail\">\n            <a href=\"https:\/\/www.dolni-bousov.cz\/media\/wp-content\/gallery\/vitani-obcanku-arthur-kverek-tomas-pajer-vojtech-moravec-28-3-2026\/IMG_9360.jpg\"\n               title=\"\"\n               data-src=\"https:\/\/www.dolni-bousov.cz\/media\/wp-content\/gallery\/vitani-obcanku-arthur-kverek-tomas-pajer-vojtech-moravec-28-3-2026\/IMG_9360.jpg\"\n               data-thumbnail=\"https:\/\/www.dolni-bousov.cz\/media\/wp-content\/gallery\/vitani-obcanku-arthur-kverek-tomas-pajer-vojtech-moravec-28-3-2026\/thumbs\/thumbs_IMG_9360.jpg\"\n               data-image-id=\"14412\"\n               data-title=\"IMG_9360\"\n               data-description=\"\"\n               data-image-slug=\"img_9360-1\"\n               class=\"ngg-fancybox\" rel=\"486d5a431ffa31d94242dfce70162d80\">\n                <img\n                    title=\"IMG_9360\"\n                    alt=\"IMG_9360\"\n                    src=\"https:\/\/www.dolni-bousov.cz\/media\/wp-content\/gallery\/vitani-obcanku-arthur-kverek-tomas-pajer-vojtech-moravec-28-3-2026\/thumbs\/thumbs_IMG_9360.jpg\"\n                    width=\"150\"\n                    height=\"150\"\n                    style=\"max-width:100%;\"\n                \/>\n            <\/a>\n        <\/div>\n\t\t\t\t\t\t\t<\/div> \n\t\t\t\n        \n\t\t\t\t<div id=\"ngg-image-19\" class=\"ngg-gallery-thumbnail-box\" >\n\t\t\t\t        <div class=\"ngg-gallery-thumbnail\">\n            <a href=\"https:\/\/www.dolni-bousov.cz\/media\/wp-content\/gallery\/vitani-obcanku-arthur-kverek-tomas-pajer-vojtech-moravec-28-3-2026\/IMG_9362.jpg\"\n               title=\"\"\n               data-src=\"https:\/\/www.dolni-bousov.cz\/media\/wp-content\/gallery\/vitani-obcanku-arthur-kverek-tomas-pajer-vojtech-moravec-28-3-2026\/IMG_9362.jpg\"\n               data-thumbnail=\"https:\/\/www.dolni-bousov.cz\/media\/wp-content\/gallery\/vitani-obcanku-arthur-kverek-tomas-pajer-vojtech-moravec-28-3-2026\/thumbs\/thumbs_IMG_9362.jpg\"\n               data-image-id=\"14413\"\n               data-title=\"IMG_9362\"\n               data-description=\"\"\n               data-image-slug=\"img_9362\"\n               class=\"ngg-fancybox\" rel=\"486d5a431ffa31d94242dfce70162d80\">\n                <img\n                    title=\"IMG_9362\"\n                    alt=\"IMG_9362\"\n                    src=\"https:\/\/www.dolni-bousov.cz\/media\/wp-content\/gallery\/vitani-obcanku-arthur-kverek-tomas-pajer-vojtech-moravec-28-3-2026\/thumbs\/thumbs_IMG_9362.jpg\"\n                    width=\"150\"\n                    height=\"150\"\n                    style=\"max-width:100%;\"\n                \/>\n            <\/a>\n        <\/div>\n\t\t\t\t\t\t\t<\/div> \n\t\t\t\n        \n\t\t\t\t<div id=\"ngg-image-20\" class=\"ngg-gallery-thumbnail-box\" >\n\t\t\t\t        <div class=\"ngg-gallery-thumbnail\">\n            <a href=\"https:\/\/www.dolni-bousov.cz\/media\/wp-content\/gallery\/vitani-obcanku-arthur-kverek-tomas-pajer-vojtech-moravec-28-3-2026\/IMG_9369.jpg\"\n               title=\"\"\n               data-src=\"https:\/\/www.dolni-bousov.cz\/media\/wp-content\/gallery\/vitani-obcanku-arthur-kverek-tomas-pajer-vojtech-moravec-28-3-2026\/IMG_9369.jpg\"\n               data-thumbnail=\"https:\/\/www.dolni-bousov.cz\/media\/wp-content\/gallery\/vitani-obcanku-arthur-kverek-tomas-pajer-vojtech-moravec-28-3-2026\/thumbs\/thumbs_IMG_9369.jpg\"\n               data-image-id=\"14414\"\n               data-title=\"IMG_9369\"\n               data-description=\"\"\n               data-image-slug=\"img_9369-1\"\n               class=\"ngg-fancybox\" rel=\"486d5a431ffa31d94242dfce70162d80\">\n                <img\n                    title=\"IMG_9369\"\n                    alt=\"IMG_9369\"\n                    src=\"https:\/\/www.dolni-bousov.cz\/media\/wp-content\/gallery\/vitani-obcanku-arthur-kverek-tomas-pajer-vojtech-moravec-28-3-2026\/thumbs\/thumbs_IMG_9369.jpg\"\n                    width=\"150\"\n                    height=\"150\"\n                    style=\"max-width:100%;\"\n                \/>\n            <\/a>\n        <\/div>\n\t\t\t\t\t\t\t<\/div> \n\t\t\t\n        \n\t\t\t\t<div id=\"ngg-image-21\" class=\"ngg-gallery-thumbnail-box\" >\n\t\t\t\t        <div class=\"ngg-gallery-thumbnail\">\n            <a href=\"https:\/\/www.dolni-bousov.cz\/media\/wp-content\/gallery\/vitani-obcanku-arthur-kverek-tomas-pajer-vojtech-moravec-28-3-2026\/IMG_9367.jpg\"\n               title=\"\"\n               data-src=\"https:\/\/www.dolni-bousov.cz\/media\/wp-content\/gallery\/vitani-obcanku-arthur-kverek-tomas-pajer-vojtech-moravec-28-3-2026\/IMG_9367.jpg\"\n               data-thumbnail=\"https:\/\/www.dolni-bousov.cz\/media\/wp-content\/gallery\/vitani-obcanku-arthur-kverek-tomas-pajer-vojtech-moravec-28-3-2026\/thumbs\/thumbs_IMG_9367.jpg\"\n               data-image-id=\"14415\"\n               data-title=\"IMG_9367\"\n               data-description=\"\"\n               data-image-slug=\"img_9367\"\n               class=\"ngg-fancybox\" rel=\"486d5a431ffa31d94242dfce70162d80\">\n                <img\n                    title=\"IMG_9367\"\n                    alt=\"IMG_9367\"\n                    src=\"https:\/\/www.dolni-bousov.cz\/media\/wp-content\/gallery\/vitani-obcanku-arthur-kverek-tomas-pajer-vojtech-moravec-28-3-2026\/thumbs\/thumbs_IMG_9367.jpg\"\n                    width=\"150\"\n                    height=\"150\"\n                    style=\"max-width:100%;\"\n                \/>\n            <\/a>\n        <\/div>\n\t\t\t\t\t\t\t<\/div> \n\t\t\t\n        \n\t\t\t\t<div id=\"ngg-image-22\" class=\"ngg-gallery-thumbnail-box\" >\n\t\t\t\t        <div class=\"ngg-gallery-thumbnail\">\n            <a href=\"https:\/\/www.dolni-bousov.cz\/media\/wp-content\/gallery\/vitani-obcanku-arthur-kverek-tomas-pajer-vojtech-moravec-28-3-2026\/IMG_9363.jpg\"\n               title=\"\"\n               data-src=\"https:\/\/www.dolni-bousov.cz\/media\/wp-content\/gallery\/vitani-obcanku-arthur-kverek-tomas-pajer-vojtech-moravec-28-3-2026\/IMG_9363.jpg\"\n               data-thumbnail=\"https:\/\/www.dolni-bousov.cz\/media\/wp-content\/gallery\/vitani-obcanku-arthur-kverek-tomas-pajer-vojtech-moravec-28-3-2026\/thumbs\/thumbs_IMG_9363.jpg\"\n               data-image-id=\"14416\"\n               data-title=\"IMG_9363\"\n               data-description=\"\"\n               data-image-slug=\"img_9363\"\n               class=\"ngg-fancybox\" rel=\"486d5a431ffa31d94242dfce70162d80\">\n                <img\n                    title=\"IMG_9363\"\n                    alt=\"IMG_9363\"\n                    src=\"https:\/\/www.dolni-bousov.cz\/media\/wp-content\/gallery\/vitani-obcanku-arthur-kverek-tomas-pajer-vojtech-moravec-28-3-2026\/thumbs\/thumbs_IMG_9363.jpg\"\n                    width=\"150\"\n                    height=\"150\"\n                    style=\"max-width:100%;\"\n                \/>\n            <\/a>\n        <\/div>\n\t\t\t\t\t\t\t<\/div> \n\t\t\t\n        \n\t\t\t\t<div id=\"ngg-image-23\" class=\"ngg-gallery-thumbnail-box\" >\n\t\t\t\t        <div class=\"ngg-gallery-thumbnail\">\n            <a href=\"https:\/\/www.dolni-bousov.cz\/media\/wp-content\/gallery\/vitani-obcanku-arthur-kverek-tomas-pajer-vojtech-moravec-28-3-2026\/IMG_9372.jpg\"\n               title=\"\"\n               data-src=\"https:\/\/www.dolni-bousov.cz\/media\/wp-content\/gallery\/vitani-obcanku-arthur-kverek-tomas-pajer-vojtech-moravec-28-3-2026\/IMG_9372.jpg\"\n               data-thumbnail=\"https:\/\/www.dolni-bousov.cz\/media\/wp-content\/gallery\/vitani-obcanku-arthur-kverek-tomas-pajer-vojtech-moravec-28-3-2026\/thumbs\/thumbs_IMG_9372.jpg\"\n               data-image-id=\"14417\"\n               data-title=\"IMG_9372\"\n               data-description=\"\"\n               data-image-slug=\"img_9372\"\n               class=\"ngg-fancybox\" rel=\"486d5a431ffa31d94242dfce70162d80\">\n                <img\n                    title=\"IMG_9372\"\n                    alt=\"IMG_9372\"\n                    src=\"https:\/\/www.dolni-bousov.cz\/media\/wp-content\/gallery\/vitani-obcanku-arthur-kverek-tomas-pajer-vojtech-moravec-28-3-2026\/thumbs\/thumbs_IMG_9372.jpg\"\n                    width=\"150\"\n                    height=\"150\"\n                    style=\"max-width:100%;\"\n                \/>\n            <\/a>\n        <\/div>\n\t\t\t\t\t\t\t<\/div> \n\t\t\t\n        \n\t\t\t\t<div id=\"ngg-image-24\" class=\"ngg-gallery-thumbnail-box\" >\n\t\t\t\t        <div class=\"ngg-gallery-thumbnail\">\n            <a href=\"https:\/\/www.dolni-bousov.cz\/media\/wp-content\/gallery\/vitani-obcanku-arthur-kverek-tomas-pajer-vojtech-moravec-28-3-2026\/IMG_9374.jpg\"\n               title=\"\"\n               data-src=\"https:\/\/www.dolni-bousov.cz\/media\/wp-content\/gallery\/vitani-obcanku-arthur-kverek-tomas-pajer-vojtech-moravec-28-3-2026\/IMG_9374.jpg\"\n               data-thumbnail=\"https:\/\/www.dolni-bousov.cz\/media\/wp-content\/gallery\/vitani-obcanku-arthur-kverek-tomas-pajer-vojtech-moravec-28-3-2026\/thumbs\/thumbs_IMG_9374.jpg\"\n               data-image-id=\"14418\"\n               data-title=\"IMG_9374\"\n               data-description=\"\"\n               data-image-slug=\"img_9374\"\n               class=\"ngg-fancybox\" rel=\"486d5a431ffa31d94242dfce70162d80\">\n                <img\n                    title=\"IMG_9374\"\n                    alt=\"IMG_9374\"\n                    src=\"https:\/\/www.dolni-bousov.cz\/media\/wp-content\/gallery\/vitani-obcanku-arthur-kverek-tomas-pajer-vojtech-moravec-28-3-2026\/thumbs\/thumbs_IMG_9374.jpg\"\n                    width=\"150\"\n                    height=\"150\"\n                    style=\"max-width:100%;\"\n                \/>\n            <\/a>\n        <\/div>\n\t\t\t\t\t\t\t<\/div> \n\t\t\t\n        \n\t\t\t\t<div id=\"ngg-image-25\" class=\"ngg-gallery-thumbnail-box\" >\n\t\t\t\t        <div class=\"ngg-gallery-thumbnail\">\n            <a href=\"https:\/\/www.dolni-bousov.cz\/media\/wp-content\/gallery\/vitani-obcanku-arthur-kverek-tomas-pajer-vojtech-moravec-28-3-2026\/IMG_9376.jpg\"\n               title=\"\"\n               data-src=\"https:\/\/www.dolni-bousov.cz\/media\/wp-content\/gallery\/vitani-obcanku-arthur-kverek-tomas-pajer-vojtech-moravec-28-3-2026\/IMG_9376.jpg\"\n               data-thumbnail=\"https:\/\/www.dolni-bousov.cz\/media\/wp-content\/gallery\/vitani-obcanku-arthur-kverek-tomas-pajer-vojtech-moravec-28-3-2026\/thumbs\/thumbs_IMG_9376.jpg\"\n               data-image-id=\"14419\"\n               data-title=\"IMG_9376\"\n               data-description=\"\"\n               data-image-slug=\"img_9376\"\n               class=\"ngg-fancybox\" rel=\"486d5a431ffa31d94242dfce70162d80\">\n                <img\n                    title=\"IMG_9376\"\n                    alt=\"IMG_9376\"\n                    src=\"https:\/\/www.dolni-bousov.cz\/media\/wp-content\/gallery\/vitani-obcanku-arthur-kverek-tomas-pajer-vojtech-moravec-28-3-2026\/thumbs\/thumbs_IMG_9376.jpg\"\n                    width=\"150\"\n                    height=\"150\"\n                    style=\"max-width:100%;\"\n                \/>\n            <\/a>\n        <\/div>\n\t\t\t\t\t\t\t<\/div> \n\t\t\t\n        \n\t\t\t\t<div id=\"ngg-image-26\" class=\"ngg-gallery-thumbnail-box\" >\n\t\t\t\t        <div class=\"ngg-gallery-thumbnail\">\n            <a href=\"https:\/\/www.dolni-bousov.cz\/media\/wp-content\/gallery\/vitani-obcanku-arthur-kverek-tomas-pajer-vojtech-moravec-28-3-2026\/IMG_9379.jpg\"\n               title=\"\"\n               data-src=\"https:\/\/www.dolni-bousov.cz\/media\/wp-content\/gallery\/vitani-obcanku-arthur-kverek-tomas-pajer-vojtech-moravec-28-3-2026\/IMG_9379.jpg\"\n               data-thumbnail=\"https:\/\/www.dolni-bousov.cz\/media\/wp-content\/gallery\/vitani-obcanku-arthur-kverek-tomas-pajer-vojtech-moravec-28-3-2026\/thumbs\/thumbs_IMG_9379.jpg\"\n               data-image-id=\"14420\"\n               data-title=\"IMG_9379\"\n               data-description=\"\"\n               data-image-slug=\"img_9379\"\n               class=\"ngg-fancybox\" rel=\"486d5a431ffa31d94242dfce70162d80\">\n                <img\n                    title=\"IMG_9379\"\n                    alt=\"IMG_9379\"\n                    src=\"https:\/\/www.dolni-bousov.cz\/media\/wp-content\/gallery\/vitani-obcanku-arthur-kverek-tomas-pajer-vojtech-moravec-28-3-2026\/thumbs\/thumbs_IMG_9379.jpg\"\n                    width=\"150\"\n                    height=\"150\"\n                    style=\"max-width:100%;\"\n                \/>\n            <\/a>\n        <\/div>\n\t\t\t\t\t\t\t<\/div> \n\t\t\t\n        \n\t\t\t\t<div id=\"ngg-image-27\" class=\"ngg-gallery-thumbnail-box\" >\n\t\t\t\t        <div class=\"ngg-gallery-thumbnail\">\n            <a href=\"https:\/\/www.dolni-bousov.cz\/media\/wp-content\/gallery\/vitani-obcanku-arthur-kverek-tomas-pajer-vojtech-moravec-28-3-2026\/IMG_9381.jpg\"\n               title=\"\"\n               data-src=\"https:\/\/www.dolni-bousov.cz\/media\/wp-content\/gallery\/vitani-obcanku-arthur-kverek-tomas-pajer-vojtech-moravec-28-3-2026\/IMG_9381.jpg\"\n               data-thumbnail=\"https:\/\/www.dolni-bousov.cz\/media\/wp-content\/gallery\/vitani-obcanku-arthur-kverek-tomas-pajer-vojtech-moravec-28-3-2026\/thumbs\/thumbs_IMG_9381.jpg\"\n               data-image-id=\"14421\"\n               data-title=\"IMG_9381\"\n               data-description=\"\"\n               data-image-slug=\"img_9381\"\n               class=\"ngg-fancybox\" rel=\"486d5a431ffa31d94242dfce70162d80\">\n                <img\n                    title=\"IMG_9381\"\n                    alt=\"IMG_9381\"\n                    src=\"https:\/\/www.dolni-bousov.cz\/media\/wp-content\/gallery\/vitani-obcanku-arthur-kverek-tomas-pajer-vojtech-moravec-28-3-2026\/thumbs\/thumbs_IMG_9381.jpg\"\n                    width=\"150\"\n                    height=\"150\"\n                    style=\"max-width:100%;\"\n                \/>\n            <\/a>\n        <\/div>\n\t\t\t\t\t\t\t<\/div> \n\t\t\t\n        \n\t\t\t\t<div id=\"ngg-image-28\" class=\"ngg-gallery-thumbnail-box\" >\n\t\t\t\t        <div class=\"ngg-gallery-thumbnail\">\n            <a href=\"https:\/\/www.dolni-bousov.cz\/media\/wp-content\/gallery\/vitani-obcanku-arthur-kverek-tomas-pajer-vojtech-moravec-28-3-2026\/IMG_9378.jpg\"\n               title=\"\"\n               data-src=\"https:\/\/www.dolni-bousov.cz\/media\/wp-content\/gallery\/vitani-obcanku-arthur-kverek-tomas-pajer-vojtech-moravec-28-3-2026\/IMG_9378.jpg\"\n               data-thumbnail=\"https:\/\/www.dolni-bousov.cz\/media\/wp-content\/gallery\/vitani-obcanku-arthur-kverek-tomas-pajer-vojtech-moravec-28-3-2026\/thumbs\/thumbs_IMG_9378.jpg\"\n               data-image-id=\"14422\"\n               data-title=\"IMG_9378\"\n               data-description=\"\"\n               data-image-slug=\"img_9378\"\n               class=\"ngg-fancybox\" rel=\"486d5a431ffa31d94242dfce70162d80\">\n                <img\n                    title=\"IMG_9378\"\n                    alt=\"IMG_9378\"\n                    src=\"https:\/\/www.dolni-bousov.cz\/media\/wp-content\/gallery\/vitani-obcanku-arthur-kverek-tomas-pajer-vojtech-moravec-28-3-2026\/thumbs\/thumbs_IMG_9378.jpg\"\n                    width=\"150\"\n                    height=\"150\"\n                    style=\"max-width:100%;\"\n                \/>\n            <\/a>\n        <\/div>\n\t\t\t\t\t\t\t<\/div> \n\t\t\t\n        \n\t\t\t\t<div id=\"ngg-image-29\" class=\"ngg-gallery-thumbnail-box\" >\n\t\t\t\t        <div class=\"ngg-gallery-thumbnail\">\n            <a href=\"https:\/\/www.dolni-bousov.cz\/media\/wp-content\/gallery\/vitani-obcanku-arthur-kverek-tomas-pajer-vojtech-moravec-28-3-2026\/IMG_9383.jpg\"\n               title=\"\"\n               data-src=\"https:\/\/www.dolni-bousov.cz\/media\/wp-content\/gallery\/vitani-obcanku-arthur-kverek-tomas-pajer-vojtech-moravec-28-3-2026\/IMG_9383.jpg\"\n               data-thumbnail=\"https:\/\/www.dolni-bousov.cz\/media\/wp-content\/gallery\/vitani-obcanku-arthur-kverek-tomas-pajer-vojtech-moravec-28-3-2026\/thumbs\/thumbs_IMG_9383.jpg\"\n               data-image-id=\"14423\"\n               data-title=\"IMG_9383\"\n               data-description=\"\"\n               data-image-slug=\"img_9383\"\n               class=\"ngg-fancybox\" rel=\"486d5a431ffa31d94242dfce70162d80\">\n                <img\n                    title=\"IMG_9383\"\n                    alt=\"IMG_9383\"\n                    src=\"https:\/\/www.dolni-bousov.cz\/media\/wp-content\/gallery\/vitani-obcanku-arthur-kverek-tomas-pajer-vojtech-moravec-28-3-2026\/thumbs\/thumbs_IMG_9383.jpg\"\n                    width=\"150\"\n                    height=\"150\"\n                    style=\"max-width:100%;\"\n                \/>\n            <\/a>\n        <\/div>\n\t\t\t\t\t\t\t<\/div> \n\t\t\t\n        \n\t\t\t\t<div id=\"ngg-image-30\" class=\"ngg-gallery-thumbnail-box\" >\n\t\t\t\t        <div class=\"ngg-gallery-thumbnail\">\n            <a href=\"https:\/\/www.dolni-bousov.cz\/media\/wp-content\/gallery\/vitani-obcanku-arthur-kverek-tomas-pajer-vojtech-moravec-28-3-2026\/IMG_9384.jpg\"\n               title=\"\"\n               data-src=\"https:\/\/www.dolni-bousov.cz\/media\/wp-content\/gallery\/vitani-obcanku-arthur-kverek-tomas-pajer-vojtech-moravec-28-3-2026\/IMG_9384.jpg\"\n               data-thumbnail=\"https:\/\/www.dolni-bousov.cz\/media\/wp-content\/gallery\/vitani-obcanku-arthur-kverek-tomas-pajer-vojtech-moravec-28-3-2026\/thumbs\/thumbs_IMG_9384.jpg\"\n               data-image-id=\"14424\"\n               data-title=\"IMG_9384\"\n               data-description=\"\"\n               data-image-slug=\"img_9384\"\n               class=\"ngg-fancybox\" rel=\"486d5a431ffa31d94242dfce70162d80\">\n                <img\n                    title=\"IMG_9384\"\n                    alt=\"IMG_9384\"\n                    src=\"https:\/\/www.dolni-bousov.cz\/media\/wp-content\/gallery\/vitani-obcanku-arthur-kverek-tomas-pajer-vojtech-moravec-28-3-2026\/thumbs\/thumbs_IMG_9384.jpg\"\n                    width=\"150\"\n                    height=\"150\"\n                    style=\"max-width:100%;\"\n                \/>\n            <\/a>\n        <\/div>\n\t\t\t\t\t\t\t<\/div> \n\t\t\t\n        \n\t\t\t\t<div id=\"ngg-image-31\" class=\"ngg-gallery-thumbnail-box\" >\n\t\t\t\t        <div class=\"ngg-gallery-thumbnail\">\n            <a href=\"https:\/\/www.dolni-bousov.cz\/media\/wp-content\/gallery\/vitani-obcanku-arthur-kverek-tomas-pajer-vojtech-moravec-28-3-2026\/IMG_9386.jpg\"\n               title=\"\"\n               data-src=\"https:\/\/www.dolni-bousov.cz\/media\/wp-content\/gallery\/vitani-obcanku-arthur-kverek-tomas-pajer-vojtech-moravec-28-3-2026\/IMG_9386.jpg\"\n               data-thumbnail=\"https:\/\/www.dolni-bousov.cz\/media\/wp-content\/gallery\/vitani-obcanku-arthur-kverek-tomas-pajer-vojtech-moravec-28-3-2026\/thumbs\/thumbs_IMG_9386.jpg\"\n               data-image-id=\"14425\"\n               data-title=\"IMG_9386\"\n               data-description=\"\"\n               data-image-slug=\"img_9386\"\n               class=\"ngg-fancybox\" rel=\"486d5a431ffa31d94242dfce70162d80\">\n                <img\n                    title=\"IMG_9386\"\n                    alt=\"IMG_9386\"\n                    src=\"https:\/\/www.dolni-bousov.cz\/media\/wp-content\/gallery\/vitani-obcanku-arthur-kverek-tomas-pajer-vojtech-moravec-28-3-2026\/thumbs\/thumbs_IMG_9386.jpg\"\n                    width=\"150\"\n                    height=\"150\"\n                    style=\"max-width:100%;\"\n                \/>\n            <\/a>\n        <\/div>\n\t\t\t\t\t\t\t<\/div> \n\t\t\t\n        \n\t\t\t\t<div id=\"ngg-image-32\" class=\"ngg-gallery-thumbnail-box\" >\n\t\t\t\t        <div class=\"ngg-gallery-thumbnail\">\n            <a href=\"https:\/\/www.dolni-bousov.cz\/media\/wp-content\/gallery\/vitani-obcanku-arthur-kverek-tomas-pajer-vojtech-moravec-28-3-2026\/IMG_9390.jpg\"\n               title=\"\"\n               data-src=\"https:\/\/www.dolni-bousov.cz\/media\/wp-content\/gallery\/vitani-obcanku-arthur-kverek-tomas-pajer-vojtech-moravec-28-3-2026\/IMG_9390.jpg\"\n               data-thumbnail=\"https:\/\/www.dolni-bousov.cz\/media\/wp-content\/gallery\/vitani-obcanku-arthur-kverek-tomas-pajer-vojtech-moravec-28-3-2026\/thumbs\/thumbs_IMG_9390.jpg\"\n               data-image-id=\"14426\"\n               data-title=\"IMG_9390\"\n               data-description=\"\"\n               data-image-slug=\"img_9390-1\"\n               class=\"ngg-fancybox\" rel=\"486d5a431ffa31d94242dfce70162d80\">\n                <img\n                    title=\"IMG_9390\"\n                    alt=\"IMG_9390\"\n                    src=\"https:\/\/www.dolni-bousov.cz\/media\/wp-content\/gallery\/vitani-obcanku-arthur-kverek-tomas-pajer-vojtech-moravec-28-3-2026\/thumbs\/thumbs_IMG_9390.jpg\"\n                    width=\"150\"\n                    height=\"150\"\n                    style=\"max-width:100%;\"\n                \/>\n            <\/a>\n        <\/div>\n\t\t\t\t\t\t\t<\/div> \n\t\t\t\n        \n\t\t\t\t<div id=\"ngg-image-33\" class=\"ngg-gallery-thumbnail-box\" >\n\t\t\t\t        <div class=\"ngg-gallery-thumbnail\">\n            <a href=\"https:\/\/www.dolni-bousov.cz\/media\/wp-content\/gallery\/vitani-obcanku-arthur-kverek-tomas-pajer-vojtech-moravec-28-3-2026\/IMG_9389.jpg\"\n               title=\"\"\n               data-src=\"https:\/\/www.dolni-bousov.cz\/media\/wp-content\/gallery\/vitani-obcanku-arthur-kverek-tomas-pajer-vojtech-moravec-28-3-2026\/IMG_9389.jpg\"\n               data-thumbnail=\"https:\/\/www.dolni-bousov.cz\/media\/wp-content\/gallery\/vitani-obcanku-arthur-kverek-tomas-pajer-vojtech-moravec-28-3-2026\/thumbs\/thumbs_IMG_9389.jpg\"\n               data-image-id=\"14427\"\n               data-title=\"IMG_9389\"\n               data-description=\"\"\n               data-image-slug=\"img_9389-1\"\n               class=\"ngg-fancybox\" rel=\"486d5a431ffa31d94242dfce70162d80\">\n                <img\n                    title=\"IMG_9389\"\n                    alt=\"IMG_9389\"\n                    src=\"https:\/\/www.dolni-bousov.cz\/media\/wp-content\/gallery\/vitani-obcanku-arthur-kverek-tomas-pajer-vojtech-moravec-28-3-2026\/thumbs\/thumbs_IMG_9389.jpg\"\n                    width=\"150\"\n                    height=\"150\"\n                    style=\"max-width:100%;\"\n                \/>\n            <\/a>\n        <\/div>\n\t\t\t\t\t\t\t<\/div> \n\t\t\t\n        \n\t\t\t\t<div id=\"ngg-image-34\" class=\"ngg-gallery-thumbnail-box\" >\n\t\t\t\t        <div class=\"ngg-gallery-thumbnail\">\n            <a href=\"https:\/\/www.dolni-bousov.cz\/media\/wp-content\/gallery\/vitani-obcanku-arthur-kverek-tomas-pajer-vojtech-moravec-28-3-2026\/IMG_9391.jpg\"\n               title=\"\"\n               data-src=\"https:\/\/www.dolni-bousov.cz\/media\/wp-content\/gallery\/vitani-obcanku-arthur-kverek-tomas-pajer-vojtech-moravec-28-3-2026\/IMG_9391.jpg\"\n               data-thumbnail=\"https:\/\/www.dolni-bousov.cz\/media\/wp-content\/gallery\/vitani-obcanku-arthur-kverek-tomas-pajer-vojtech-moravec-28-3-2026\/thumbs\/thumbs_IMG_9391.jpg\"\n               data-image-id=\"14428\"\n               data-title=\"IMG_9391\"\n               data-description=\"\"\n               data-image-slug=\"img_9391\"\n               class=\"ngg-fancybox\" rel=\"486d5a431ffa31d94242dfce70162d80\">\n                <img\n                    title=\"IMG_9391\"\n                    alt=\"IMG_9391\"\n                    src=\"https:\/\/www.dolni-bousov.cz\/media\/wp-content\/gallery\/vitani-obcanku-arthur-kverek-tomas-pajer-vojtech-moravec-28-3-2026\/thumbs\/thumbs_IMG_9391.jpg\"\n                    width=\"150\"\n                    height=\"150\"\n                    style=\"max-width:100%;\"\n                \/>\n            <\/a>\n        <\/div>\n\t\t\t\t\t\t\t<\/div> \n\t\t\t\n        \n\t\t\t\t<div id=\"ngg-image-35\" class=\"ngg-gallery-thumbnail-box\" >\n\t\t\t\t        <div class=\"ngg-gallery-thumbnail\">\n            <a href=\"https:\/\/www.dolni-bousov.cz\/media\/wp-content\/gallery\/vitani-obcanku-arthur-kverek-tomas-pajer-vojtech-moravec-28-3-2026\/IMG_9395.jpg\"\n               title=\"\"\n               data-src=\"https:\/\/www.dolni-bousov.cz\/media\/wp-content\/gallery\/vitani-obcanku-arthur-kverek-tomas-pajer-vojtech-moravec-28-3-2026\/IMG_9395.jpg\"\n               data-thumbnail=\"https:\/\/www.dolni-bousov.cz\/media\/wp-content\/gallery\/vitani-obcanku-arthur-kverek-tomas-pajer-vojtech-moravec-28-3-2026\/thumbs\/thumbs_IMG_9395.jpg\"\n               data-image-id=\"14429\"\n               data-title=\"IMG_9395\"\n               data-description=\"\"\n               data-image-slug=\"img_9395-1\"\n               class=\"ngg-fancybox\" rel=\"486d5a431ffa31d94242dfce70162d80\">\n                <img\n                    title=\"IMG_9395\"\n                    alt=\"IMG_9395\"\n                    src=\"https:\/\/www.dolni-bousov.cz\/media\/wp-content\/gallery\/vitani-obcanku-arthur-kverek-tomas-pajer-vojtech-moravec-28-3-2026\/thumbs\/thumbs_IMG_9395.jpg\"\n                    width=\"150\"\n                    height=\"150\"\n                    style=\"max-width:100%;\"\n                \/>\n            <\/a>\n        <\/div>\n\t\t\t\t\t\t\t<\/div> \n\t\t\t\n        \n\t\t\t\t<div id=\"ngg-image-36\" class=\"ngg-gallery-thumbnail-box\" >\n\t\t\t\t        <div class=\"ngg-gallery-thumbnail\">\n            <a href=\"https:\/\/www.dolni-bousov.cz\/media\/wp-content\/gallery\/vitani-obcanku-arthur-kverek-tomas-pajer-vojtech-moravec-28-3-2026\/IMG_9398.jpg\"\n               title=\"\"\n               data-src=\"https:\/\/www.dolni-bousov.cz\/media\/wp-content\/gallery\/vitani-obcanku-arthur-kverek-tomas-pajer-vojtech-moravec-28-3-2026\/IMG_9398.jpg\"\n               data-thumbnail=\"https:\/\/www.dolni-bousov.cz\/media\/wp-content\/gallery\/vitani-obcanku-arthur-kverek-tomas-pajer-vojtech-moravec-28-3-2026\/thumbs\/thumbs_IMG_9398.jpg\"\n               data-image-id=\"14430\"\n               data-title=\"IMG_9398\"\n               data-description=\"\"\n               data-image-slug=\"img_9398-1\"\n               class=\"ngg-fancybox\" rel=\"486d5a431ffa31d94242dfce70162d80\">\n                <img\n                    title=\"IMG_9398\"\n                    alt=\"IMG_9398\"\n                    src=\"https:\/\/www.dolni-bousov.cz\/media\/wp-content\/gallery\/vitani-obcanku-arthur-kverek-tomas-pajer-vojtech-moravec-28-3-2026\/thumbs\/thumbs_IMG_9398.jpg\"\n                    width=\"150\"\n                    height=\"150\"\n                    style=\"max-width:100%;\"\n                \/>\n            <\/a>\n        <\/div>\n\t\t\t\t\t\t\t<\/div> \n\t\t\t\n        \n\t\t\t\t<div id=\"ngg-image-37\" class=\"ngg-gallery-thumbnail-box\" >\n\t\t\t\t        <div class=\"ngg-gallery-thumbnail\">\n            <a href=\"https:\/\/www.dolni-bousov.cz\/media\/wp-content\/gallery\/vitani-obcanku-arthur-kverek-tomas-pajer-vojtech-moravec-28-3-2026\/IMG_9403.jpg\"\n               title=\"\"\n               data-src=\"https:\/\/www.dolni-bousov.cz\/media\/wp-content\/gallery\/vitani-obcanku-arthur-kverek-tomas-pajer-vojtech-moravec-28-3-2026\/IMG_9403.jpg\"\n               data-thumbnail=\"https:\/\/www.dolni-bousov.cz\/media\/wp-content\/gallery\/vitani-obcanku-arthur-kverek-tomas-pajer-vojtech-moravec-28-3-2026\/thumbs\/thumbs_IMG_9403.jpg\"\n               data-image-id=\"14431\"\n               data-title=\"IMG_9403\"\n               data-description=\"\"\n               data-image-slug=\"img_9403\"\n               class=\"ngg-fancybox\" rel=\"486d5a431ffa31d94242dfce70162d80\">\n                <img\n                    title=\"IMG_9403\"\n                    alt=\"IMG_9403\"\n                    src=\"https:\/\/www.dolni-bousov.cz\/media\/wp-content\/gallery\/vitani-obcanku-arthur-kverek-tomas-pajer-vojtech-moravec-28-3-2026\/thumbs\/thumbs_IMG_9403.jpg\"\n                    width=\"150\"\n                    height=\"150\"\n                    style=\"max-width:100%;\"\n                \/>\n            <\/a>\n        <\/div>\n\t\t\t\t\t\t\t<\/div> \n\t\t\t\n        \n\t\t\t\t<div id=\"ngg-image-38\" class=\"ngg-gallery-thumbnail-box\" >\n\t\t\t\t        <div class=\"ngg-gallery-thumbnail\">\n            <a href=\"https:\/\/www.dolni-bousov.cz\/media\/wp-content\/gallery\/vitani-obcanku-arthur-kverek-tomas-pajer-vojtech-moravec-28-3-2026\/IMG_9405.jpg\"\n               title=\"\"\n               data-src=\"https:\/\/www.dolni-bousov.cz\/media\/wp-content\/gallery\/vitani-obcanku-arthur-kverek-tomas-pajer-vojtech-moravec-28-3-2026\/IMG_9405.jpg\"\n               data-thumbnail=\"https:\/\/www.dolni-bousov.cz\/media\/wp-content\/gallery\/vitani-obcanku-arthur-kverek-tomas-pajer-vojtech-moravec-28-3-2026\/thumbs\/thumbs_IMG_9405.jpg\"\n               data-image-id=\"14432\"\n               data-title=\"IMG_9405\"\n               data-description=\"\"\n               data-image-slug=\"img_9405-1\"\n               class=\"ngg-fancybox\" rel=\"486d5a431ffa31d94242dfce70162d80\">\n                <img\n                    title=\"IMG_9405\"\n                    alt=\"IMG_9405\"\n                    src=\"https:\/\/www.dolni-bousov.cz\/media\/wp-content\/gallery\/vitani-obcanku-arthur-kverek-tomas-pajer-vojtech-moravec-28-3-2026\/thumbs\/thumbs_IMG_9405.jpg\"\n                    width=\"150\"\n                    height=\"150\"\n                    style=\"max-width:100%;\"\n                \/>\n            <\/a>\n        <\/div>\n\t\t\t\t\t\t\t<\/div> \n\t\t\t\n        \n\t\t\t\t<div id=\"ngg-image-39\" class=\"ngg-gallery-thumbnail-box\" >\n\t\t\t\t        <div class=\"ngg-gallery-thumbnail\">\n            <a href=\"https:\/\/www.dolni-bousov.cz\/media\/wp-content\/gallery\/vitani-obcanku-arthur-kverek-tomas-pajer-vojtech-moravec-28-3-2026\/IMG_9410.jpg\"\n               title=\"\"\n               data-src=\"https:\/\/www.dolni-bousov.cz\/media\/wp-content\/gallery\/vitani-obcanku-arthur-kverek-tomas-pajer-vojtech-moravec-28-3-2026\/IMG_9410.jpg\"\n               data-thumbnail=\"https:\/\/www.dolni-bousov.cz\/media\/wp-content\/gallery\/vitani-obcanku-arthur-kverek-tomas-pajer-vojtech-moravec-28-3-2026\/thumbs\/thumbs_IMG_9410.jpg\"\n               data-image-id=\"14433\"\n               data-title=\"IMG_9410\"\n               data-description=\"\"\n               data-image-slug=\"img_9410-2\"\n               class=\"ngg-fancybox\" rel=\"486d5a431ffa31d94242dfce70162d80\">\n                <img\n                    title=\"IMG_9410\"\n                    alt=\"IMG_9410\"\n                    src=\"https:\/\/www.dolni-bousov.cz\/media\/wp-content\/gallery\/vitani-obcanku-arthur-kverek-tomas-pajer-vojtech-moravec-28-3-2026\/thumbs\/thumbs_IMG_9410.jpg\"\n                    width=\"150\"\n                    height=\"150\"\n                    style=\"max-width:100%;\"\n                \/>\n            <\/a>\n        <\/div>\n\t\t\t\t\t\t\t<\/div> \n\t\t\t\n        \n\t\t\t\t<div id=\"ngg-image-40\" class=\"ngg-gallery-thumbnail-box\" >\n\t\t\t\t        <div class=\"ngg-gallery-thumbnail\">\n            <a href=\"https:\/\/www.dolni-bousov.cz\/media\/wp-content\/gallery\/vitani-obcanku-arthur-kverek-tomas-pajer-vojtech-moravec-28-3-2026\/IMG_9414.jpg\"\n               title=\"\"\n               data-src=\"https:\/\/www.dolni-bousov.cz\/media\/wp-content\/gallery\/vitani-obcanku-arthur-kverek-tomas-pajer-vojtech-moravec-28-3-2026\/IMG_9414.jpg\"\n               data-thumbnail=\"https:\/\/www.dolni-bousov.cz\/media\/wp-content\/gallery\/vitani-obcanku-arthur-kverek-tomas-pajer-vojtech-moravec-28-3-2026\/thumbs\/thumbs_IMG_9414.jpg\"\n               data-image-id=\"14434\"\n               data-title=\"IMG_9414\"\n               data-description=\"\"\n               data-image-slug=\"img_9414-2\"\n               class=\"ngg-fancybox\" rel=\"486d5a431ffa31d94242dfce70162d80\">\n                <img\n                    title=\"IMG_9414\"\n                    alt=\"IMG_9414\"\n                    src=\"https:\/\/www.dolni-bousov.cz\/media\/wp-content\/gallery\/vitani-obcanku-arthur-kverek-tomas-pajer-vojtech-moravec-28-3-2026\/thumbs\/thumbs_IMG_9414.jpg\"\n                    width=\"150\"\n                    height=\"150\"\n                    style=\"max-width:100%;\"\n                \/>\n            <\/a>\n        <\/div>\n\t\t\t\t\t\t\t<\/div> \n\t\t\t\n        \n\t\t\t\t<div id=\"ngg-image-41\" class=\"ngg-gallery-thumbnail-box\" >\n\t\t\t\t        <div class=\"ngg-gallery-thumbnail\">\n            <a href=\"https:\/\/www.dolni-bousov.cz\/media\/wp-content\/gallery\/vitani-obcanku-arthur-kverek-tomas-pajer-vojtech-moravec-28-3-2026\/IMG_9419.jpg\"\n               title=\"\"\n               data-src=\"https:\/\/www.dolni-bousov.cz\/media\/wp-content\/gallery\/vitani-obcanku-arthur-kverek-tomas-pajer-vojtech-moravec-28-3-2026\/IMG_9419.jpg\"\n               data-thumbnail=\"https:\/\/www.dolni-bousov.cz\/media\/wp-content\/gallery\/vitani-obcanku-arthur-kverek-tomas-pajer-vojtech-moravec-28-3-2026\/thumbs\/thumbs_IMG_9419.jpg\"\n               data-image-id=\"14435\"\n               data-title=\"IMG_9419\"\n               data-description=\"\"\n               data-image-slug=\"img_9419-1\"\n               class=\"ngg-fancybox\" rel=\"486d5a431ffa31d94242dfce70162d80\">\n                <img\n                    title=\"IMG_9419\"\n                    alt=\"IMG_9419\"\n                    src=\"https:\/\/www.dolni-bousov.cz\/media\/wp-content\/gallery\/vitani-obcanku-arthur-kverek-tomas-pajer-vojtech-moravec-28-3-2026\/thumbs\/thumbs_IMG_9419.jpg\"\n                    width=\"150\"\n                    height=\"150\"\n                    style=\"max-width:100%;\"\n                \/>\n            <\/a>\n        <\/div>\n\t\t\t\t\t\t\t<\/div> \n\t\t\t\n        \n\t\t\t\t<div id=\"ngg-image-42\" class=\"ngg-gallery-thumbnail-box\" >\n\t\t\t\t        <div class=\"ngg-gallery-thumbnail\">\n            <a href=\"https:\/\/www.dolni-bousov.cz\/media\/wp-content\/gallery\/vitani-obcanku-arthur-kverek-tomas-pajer-vojtech-moravec-28-3-2026\/IMG_9425.jpg\"\n               title=\"\"\n               data-src=\"https:\/\/www.dolni-bousov.cz\/media\/wp-content\/gallery\/vitani-obcanku-arthur-kverek-tomas-pajer-vojtech-moravec-28-3-2026\/IMG_9425.jpg\"\n               data-thumbnail=\"https:\/\/www.dolni-bousov.cz\/media\/wp-content\/gallery\/vitani-obcanku-arthur-kverek-tomas-pajer-vojtech-moravec-28-3-2026\/thumbs\/thumbs_IMG_9425.jpg\"\n               data-image-id=\"14436\"\n               data-title=\"IMG_9425\"\n               data-description=\"\"\n               data-image-slug=\"img_9425-1\"\n               class=\"ngg-fancybox\" rel=\"486d5a431ffa31d94242dfce70162d80\">\n                <img\n                    title=\"IMG_9425\"\n                    alt=\"IMG_9425\"\n                    src=\"https:\/\/www.dolni-bousov.cz\/media\/wp-content\/gallery\/vitani-obcanku-arthur-kverek-tomas-pajer-vojtech-moravec-28-3-2026\/thumbs\/thumbs_IMG_9425.jpg\"\n                    width=\"150\"\n                    height=\"150\"\n                    style=\"max-width:100%;\"\n                \/>\n            <\/a>\n        <\/div>\n\t\t\t\t\t\t\t<\/div> \n\t\t\t\n        \n\t\t\t\t<div id=\"ngg-image-43\" class=\"ngg-gallery-thumbnail-box\" >\n\t\t\t\t        <div class=\"ngg-gallery-thumbnail\">\n            <a href=\"https:\/\/www.dolni-bousov.cz\/media\/wp-content\/gallery\/vitani-obcanku-arthur-kverek-tomas-pajer-vojtech-moravec-28-3-2026\/IMG_9428.jpg\"\n               title=\"\"\n               data-src=\"https:\/\/www.dolni-bousov.cz\/media\/wp-content\/gallery\/vitani-obcanku-arthur-kverek-tomas-pajer-vojtech-moravec-28-3-2026\/IMG_9428.jpg\"\n               data-thumbnail=\"https:\/\/www.dolni-bousov.cz\/media\/wp-content\/gallery\/vitani-obcanku-arthur-kverek-tomas-pajer-vojtech-moravec-28-3-2026\/thumbs\/thumbs_IMG_9428.jpg\"\n               data-image-id=\"14437\"\n               data-title=\"IMG_9428\"\n               data-description=\"\"\n               data-image-slug=\"img_9428-2\"\n               class=\"ngg-fancybox\" rel=\"486d5a431ffa31d94242dfce70162d80\">\n                <img\n                    title=\"IMG_9428\"\n                    alt=\"IMG_9428\"\n                    src=\"https:\/\/www.dolni-bousov.cz\/media\/wp-content\/gallery\/vitani-obcanku-arthur-kverek-tomas-pajer-vojtech-moravec-28-3-2026\/thumbs\/thumbs_IMG_9428.jpg\"\n                    width=\"150\"\n                    height=\"150\"\n                    style=\"max-width:100%;\"\n                \/>\n            <\/a>\n        <\/div>\n\t\t\t\t\t\t\t<\/div> \n\t\t\t\n        \n\t\t\t\t<div id=\"ngg-image-44\" class=\"ngg-gallery-thumbnail-box\" >\n\t\t\t\t        <div class=\"ngg-gallery-thumbnail\">\n            <a href=\"https:\/\/www.dolni-bousov.cz\/media\/wp-content\/gallery\/vitani-obcanku-arthur-kverek-tomas-pajer-vojtech-moravec-28-3-2026\/IMG_9431.jpg\"\n               title=\"\"\n               data-src=\"https:\/\/www.dolni-bousov.cz\/media\/wp-content\/gallery\/vitani-obcanku-arthur-kverek-tomas-pajer-vojtech-moravec-28-3-2026\/IMG_9431.jpg\"\n               data-thumbnail=\"https:\/\/www.dolni-bousov.cz\/media\/wp-content\/gallery\/vitani-obcanku-arthur-kverek-tomas-pajer-vojtech-moravec-28-3-2026\/thumbs\/thumbs_IMG_9431.jpg\"\n               data-image-id=\"14438\"\n               data-title=\"IMG_9431\"\n               data-description=\"\"\n               data-image-slug=\"img_9431\"\n               class=\"ngg-fancybox\" rel=\"486d5a431ffa31d94242dfce70162d80\">\n                <img\n                    title=\"IMG_9431\"\n                    alt=\"IMG_9431\"\n                    src=\"https:\/\/www.dolni-bousov.cz\/media\/wp-content\/gallery\/vitani-obcanku-arthur-kverek-tomas-pajer-vojtech-moravec-28-3-2026\/thumbs\/thumbs_IMG_9431.jpg\"\n                    width=\"150\"\n                    height=\"150\"\n                    style=\"max-width:100%;\"\n                \/>\n            <\/a>\n        <\/div>\n\t\t\t\t\t\t\t<\/div> \n\t\t\t\n        \n\t\t\t\t<div id=\"ngg-image-45\" class=\"ngg-gallery-thumbnail-box\" >\n\t\t\t\t        <div class=\"ngg-gallery-thumbnail\">\n            <a href=\"https:\/\/www.dolni-bousov.cz\/media\/wp-content\/gallery\/vitani-obcanku-arthur-kverek-tomas-pajer-vojtech-moravec-28-3-2026\/IMG_9438.jpg\"\n               title=\"\"\n               data-src=\"https:\/\/www.dolni-bousov.cz\/media\/wp-content\/gallery\/vitani-obcanku-arthur-kverek-tomas-pajer-vojtech-moravec-28-3-2026\/IMG_9438.jpg\"\n               data-thumbnail=\"https:\/\/www.dolni-bousov.cz\/media\/wp-content\/gallery\/vitani-obcanku-arthur-kverek-tomas-pajer-vojtech-moravec-28-3-2026\/thumbs\/thumbs_IMG_9438.jpg\"\n               data-image-id=\"14439\"\n               data-title=\"IMG_9438\"\n               data-description=\"\"\n               data-image-slug=\"img_9438-2\"\n               class=\"ngg-fancybox\" rel=\"486d5a431ffa31d94242dfce70162d80\">\n                <img\n                    title=\"IMG_9438\"\n                    alt=\"IMG_9438\"\n                    src=\"https:\/\/www.dolni-bousov.cz\/media\/wp-content\/gallery\/vitani-obcanku-arthur-kverek-tomas-pajer-vojtech-moravec-28-3-2026\/thumbs\/thumbs_IMG_9438.jpg\"\n                    width=\"150\"\n                    height=\"150\"\n                    style=\"max-width:100%;\"\n                \/>\n            <\/a>\n        <\/div>\n\t\t\t\t\t\t\t<\/div> \n\t\t\t\n        \n\t\t\t\t<div id=\"ngg-image-46\" class=\"ngg-gallery-thumbnail-box\" >\n\t\t\t\t        <div class=\"ngg-gallery-thumbnail\">\n            <a href=\"https:\/\/www.dolni-bousov.cz\/media\/wp-content\/gallery\/vitani-obcanku-arthur-kverek-tomas-pajer-vojtech-moravec-28-3-2026\/IMG_9440.jpg\"\n               title=\"\"\n               data-src=\"https:\/\/www.dolni-bousov.cz\/media\/wp-content\/gallery\/vitani-obcanku-arthur-kverek-tomas-pajer-vojtech-moravec-28-3-2026\/IMG_9440.jpg\"\n               data-thumbnail=\"https:\/\/www.dolni-bousov.cz\/media\/wp-content\/gallery\/vitani-obcanku-arthur-kverek-tomas-pajer-vojtech-moravec-28-3-2026\/thumbs\/thumbs_IMG_9440.jpg\"\n               data-image-id=\"14440\"\n               data-title=\"IMG_9440\"\n               data-description=\"\"\n               data-image-slug=\"img_9440\"\n               class=\"ngg-fancybox\" rel=\"486d5a431ffa31d94242dfce70162d80\">\n                <img\n                    title=\"IMG_9440\"\n                    alt=\"IMG_9440\"\n                    src=\"https:\/\/www.dolni-bousov.cz\/media\/wp-content\/gallery\/vitani-obcanku-arthur-kverek-tomas-pajer-vojtech-moravec-28-3-2026\/thumbs\/thumbs_IMG_9440.jpg\"\n                    width=\"150\"\n                    height=\"150\"\n                    style=\"max-width:100%;\"\n                \/>\n            <\/a>\n        <\/div>\n\t\t\t\t\t\t\t<\/div> \n\t\t\t\n        \n\t\t\t\t<div id=\"ngg-image-47\" class=\"ngg-gallery-thumbnail-box\" >\n\t\t\t\t        <div class=\"ngg-gallery-thumbnail\">\n            <a href=\"https:\/\/www.dolni-bousov.cz\/media\/wp-content\/gallery\/vitani-obcanku-arthur-kverek-tomas-pajer-vojtech-moravec-28-3-2026\/IMG_9443.jpg\"\n               title=\"\"\n               data-src=\"https:\/\/www.dolni-bousov.cz\/media\/wp-content\/gallery\/vitani-obcanku-arthur-kverek-tomas-pajer-vojtech-moravec-28-3-2026\/IMG_9443.jpg\"\n               data-thumbnail=\"https:\/\/www.dolni-bousov.cz\/media\/wp-content\/gallery\/vitani-obcanku-arthur-kverek-tomas-pajer-vojtech-moravec-28-3-2026\/thumbs\/thumbs_IMG_9443.jpg\"\n               data-image-id=\"14441\"\n               data-title=\"IMG_9443\"\n               data-description=\"\"\n               data-image-slug=\"img_9443-1\"\n               class=\"ngg-fancybox\" rel=\"486d5a431ffa31d94242dfce70162d80\">\n                <img\n                    title=\"IMG_9443\"\n                    alt=\"IMG_9443\"\n                    src=\"https:\/\/www.dolni-bousov.cz\/media\/wp-content\/gallery\/vitani-obcanku-arthur-kverek-tomas-pajer-vojtech-moravec-28-3-2026\/thumbs\/thumbs_IMG_9443.jpg\"\n                    width=\"150\"\n                    height=\"150\"\n                    style=\"max-width:100%;\"\n                \/>\n            <\/a>\n        <\/div>\n\t\t\t\t\t\t\t<\/div> \n\t\t\t\n        \n\t\t\t\t<div id=\"ngg-image-48\" class=\"ngg-gallery-thumbnail-box\" >\n\t\t\t\t        <div class=\"ngg-gallery-thumbnail\">\n            <a href=\"https:\/\/www.dolni-bousov.cz\/media\/wp-content\/gallery\/vitani-obcanku-arthur-kverek-tomas-pajer-vojtech-moravec-28-3-2026\/IMG_9450.jpg\"\n               title=\"\"\n               data-src=\"https:\/\/www.dolni-bousov.cz\/media\/wp-content\/gallery\/vitani-obcanku-arthur-kverek-tomas-pajer-vojtech-moravec-28-3-2026\/IMG_9450.jpg\"\n               data-thumbnail=\"https:\/\/www.dolni-bousov.cz\/media\/wp-content\/gallery\/vitani-obcanku-arthur-kverek-tomas-pajer-vojtech-moravec-28-3-2026\/thumbs\/thumbs_IMG_9450.jpg\"\n               data-image-id=\"14442\"\n               data-title=\"IMG_9450\"\n               data-description=\"\"\n               data-image-slug=\"img_9450-1\"\n               class=\"ngg-fancybox\" rel=\"486d5a431ffa31d94242dfce70162d80\">\n                <img\n                    title=\"IMG_9450\"\n                    alt=\"IMG_9450\"\n                    src=\"https:\/\/www.dolni-bousov.cz\/media\/wp-content\/gallery\/vitani-obcanku-arthur-kverek-tomas-pajer-vojtech-moravec-28-3-2026\/thumbs\/thumbs_IMG_9450.jpg\"\n                    width=\"150\"\n                    height=\"150\"\n                    style=\"max-width:100%;\"\n                \/>\n            <\/a>\n        <\/div>\n\t\t\t\t\t\t\t<\/div> \n\t\t\t\n        \n\t\t\n\t\t<!-- Pagination -->\n\t<div class='ngg-clear'><\/div>\t<\/div>\n\n","protected":false},"excerpt":{"rendered":"","protected":false},"author":1,"featured_media":32036,"comment_status":"closed","ping_status":"closed","sticky":false,"template":"","format":"standard","meta":{"ngg_post_thumbnail":0,"footnotes":""},"categories":[7],"tags":[],"class_list":["post-31986","post","type-post","status-publish","format-standard","has-post-thumbnail","hentry","category-kulturni-a-sportovni-akce"],"_links":{"self":[{"href":"https:\/\/www.dolni-bousov.cz\/media\/wp-json\/wp\/v2\/posts\/31986","targetHints":{"allow":["GET"]}}],"collection":[{"href":"https:\/\/www.dolni-bousov.cz\/media\/wp-json\/wp\/v2\/posts"}],"about":[{"href":"https:\/\/www.dolni-bousov.cz\/media\/wp-json\/wp\/v2\/types\/post"}],"author":[{"embeddable":true,"href":"https:\/\/www.dolni-bousov.cz\/media\/wp-json\/wp\/v2\/users\/1"}],"replies":[{"embeddable":true,"href":"https:\/\/www.dolni-bousov.cz\/media\/wp-json\/wp\/v2\/comments?post=31986"}],"version-history":[{"count":1,"href":"https:\/\/www.dolni-bousov.cz\/media\/wp-json\/wp\/v2\/posts\/31986\/revisions"}],"predecessor-version":[{"id":32037,"href":"https:\/\/www.dolni-bousov.cz\/media\/wp-json\/wp\/v2\/posts\/31986\/revisions\/32037"}],"wp:featuredmedia":[{"embeddable":true,"href":"https:\/\/www.dolni-bousov.cz\/media\/wp-json\/wp\/v2\/media\/32036"}],"wp:attachment":[{"href":"https:\/\/www.dolni-bousov.cz\/media\/wp-json\/wp\/v2\/media?parent=31986"}],"wp:term":[{"taxonomy":"category","embeddable":true,"href":"https:\/\/www.dolni-bousov.cz\/media\/wp-json\/wp\/v2\/categories?post=31986"},{"taxonomy":"post_tag","embeddable":true,"href":"https:\/\/www.dolni-bousov.cz\/media\/wp-json\/wp\/v2\/tags?post=31986"}],"curies":[{"name":"wp","href":"https:\/\/api.w.org\/{rel}","templated":true}]}}