{"id":32038,"date":"2026-03-31T20:09:34","date_gmt":"2026-03-31T20:09:34","guid":{"rendered":"https:\/\/www.dolni-bousov.cz\/media\/?p=32038"},"modified":"2026-03-31T20:09:34","modified_gmt":"2026-03-31T20:09:34","slug":"vitani-obcanku-david-macek-milan-kumstat-anna-sevcikova-28-3-2026","status":"publish","type":"post","link":"https:\/\/www.dolni-bousov.cz\/media\/vitani-obcanku-david-macek-milan-kumstat-anna-sevcikova-28-3-2026\/","title":{"rendered":"V\u00edt\u00e1n\u00ed ob\u010d\u00e1nk\u016f &#8211; David Macek &#8211; Milan Kumst\u00e1t &#8211; Anna \u0160ev\u010d\u00edkov\u00e1 28.3.2026"},"content":{"rendered":"<!-- index.php -->\n<div\n\tclass=\"ngg-galleryoverview ngg-ajax-pagination-none\"\n\tid=\"ngg-gallery-5f1793c982d3983009c3b35527146f22-1\">\n\n    \t\t<!-- Thumbnails -->\n\t\t\t\t<div id=\"ngg-image-0\" class=\"ngg-gallery-thumbnail-box\" >\n\t\t\t\t        <div class=\"ngg-gallery-thumbnail\">\n            <a href=\"https:\/\/www.dolni-bousov.cz\/media\/wp-content\/gallery\/vitani-obcanku-david-macek-milan-kumstat-anna-sevcikova-28-3-2026\/IMG_5386.jpg\"\n               title=\"\"\n               data-src=\"https:\/\/www.dolni-bousov.cz\/media\/wp-content\/gallery\/vitani-obcanku-david-macek-milan-kumstat-anna-sevcikova-28-3-2026\/IMG_5386.jpg\"\n               data-thumbnail=\"https:\/\/www.dolni-bousov.cz\/media\/wp-content\/gallery\/vitani-obcanku-david-macek-milan-kumstat-anna-sevcikova-28-3-2026\/thumbs\/thumbs_IMG_5386.jpg\"\n               data-image-id=\"14443\"\n               data-title=\"IMG_5386\"\n               data-description=\"\"\n               data-image-slug=\"img_5386-2\"\n               class=\"ngg-fancybox\" rel=\"5f1793c982d3983009c3b35527146f22\">\n                <img\n                    title=\"IMG_5386\"\n                    alt=\"IMG_5386\"\n                    src=\"https:\/\/www.dolni-bousov.cz\/media\/wp-content\/gallery\/vitani-obcanku-david-macek-milan-kumstat-anna-sevcikova-28-3-2026\/thumbs\/thumbs_IMG_5386.jpg\"\n                    width=\"150\"\n                    height=\"150\"\n                    style=\"max-width:100%;\"\n                \/>\n            <\/a>\n        <\/div>\n\t\t\t\t\t\t\t<\/div> \n\t\t\t\n        \n\t\t\t\t<div id=\"ngg-image-1\" class=\"ngg-gallery-thumbnail-box\" >\n\t\t\t\t        <div class=\"ngg-gallery-thumbnail\">\n            <a href=\"https:\/\/www.dolni-bousov.cz\/media\/wp-content\/gallery\/vitani-obcanku-david-macek-milan-kumstat-anna-sevcikova-28-3-2026\/IMG_9305.jpg\"\n               title=\"\"\n               data-src=\"https:\/\/www.dolni-bousov.cz\/media\/wp-content\/gallery\/vitani-obcanku-david-macek-milan-kumstat-anna-sevcikova-28-3-2026\/IMG_9305.jpg\"\n               data-thumbnail=\"https:\/\/www.dolni-bousov.cz\/media\/wp-content\/gallery\/vitani-obcanku-david-macek-milan-kumstat-anna-sevcikova-28-3-2026\/thumbs\/thumbs_IMG_9305.jpg\"\n               data-image-id=\"14444\"\n               data-title=\"IMG_9305\"\n               data-description=\"\"\n               data-image-slug=\"img_9305-1\"\n               class=\"ngg-fancybox\" rel=\"5f1793c982d3983009c3b35527146f22\">\n                <img\n                    title=\"IMG_9305\"\n                    alt=\"IMG_9305\"\n                    src=\"https:\/\/www.dolni-bousov.cz\/media\/wp-content\/gallery\/vitani-obcanku-david-macek-milan-kumstat-anna-sevcikova-28-3-2026\/thumbs\/thumbs_IMG_9305.jpg\"\n                    width=\"150\"\n                    height=\"150\"\n                    style=\"max-width:100%;\"\n                \/>\n            <\/a>\n        <\/div>\n\t\t\t\t\t\t\t<\/div> \n\t\t\t\n        \n\t\t\t\t<div id=\"ngg-image-2\" class=\"ngg-gallery-thumbnail-box\" >\n\t\t\t\t        <div class=\"ngg-gallery-thumbnail\">\n            <a href=\"https:\/\/www.dolni-bousov.cz\/media\/wp-content\/gallery\/vitani-obcanku-david-macek-milan-kumstat-anna-sevcikova-28-3-2026\/IMG_9348.jpg\"\n               title=\"\"\n               data-src=\"https:\/\/www.dolni-bousov.cz\/media\/wp-content\/gallery\/vitani-obcanku-david-macek-milan-kumstat-anna-sevcikova-28-3-2026\/IMG_9348.jpg\"\n               data-thumbnail=\"https:\/\/www.dolni-bousov.cz\/media\/wp-content\/gallery\/vitani-obcanku-david-macek-milan-kumstat-anna-sevcikova-28-3-2026\/thumbs\/thumbs_IMG_9348.jpg\"\n               data-image-id=\"14445\"\n               data-title=\"IMG_9348\"\n               data-description=\"\"\n               data-image-slug=\"img_9348-1\"\n               class=\"ngg-fancybox\" rel=\"5f1793c982d3983009c3b35527146f22\">\n                <img\n                    title=\"IMG_9348\"\n                    alt=\"IMG_9348\"\n                    src=\"https:\/\/www.dolni-bousov.cz\/media\/wp-content\/gallery\/vitani-obcanku-david-macek-milan-kumstat-anna-sevcikova-28-3-2026\/thumbs\/thumbs_IMG_9348.jpg\"\n                    width=\"150\"\n                    height=\"150\"\n                    style=\"max-width:100%;\"\n                \/>\n            <\/a>\n        <\/div>\n\t\t\t\t\t\t\t<\/div> \n\t\t\t\n        \n\t\t\t\t<div id=\"ngg-image-3\" class=\"ngg-gallery-thumbnail-box\" >\n\t\t\t\t        <div class=\"ngg-gallery-thumbnail\">\n            <a href=\"https:\/\/www.dolni-bousov.cz\/media\/wp-content\/gallery\/vitani-obcanku-david-macek-milan-kumstat-anna-sevcikova-28-3-2026\/IMG_5391.jpg\"\n               title=\"\"\n               data-src=\"https:\/\/www.dolni-bousov.cz\/media\/wp-content\/gallery\/vitani-obcanku-david-macek-milan-kumstat-anna-sevcikova-28-3-2026\/IMG_5391.jpg\"\n               data-thumbnail=\"https:\/\/www.dolni-bousov.cz\/media\/wp-content\/gallery\/vitani-obcanku-david-macek-milan-kumstat-anna-sevcikova-28-3-2026\/thumbs\/thumbs_IMG_5391.jpg\"\n               data-image-id=\"14446\"\n               data-title=\"IMG_5391\"\n               data-description=\"\"\n               data-image-slug=\"img_5391-4\"\n               class=\"ngg-fancybox\" rel=\"5f1793c982d3983009c3b35527146f22\">\n                <img\n                    title=\"IMG_5391\"\n                    alt=\"IMG_5391\"\n                    src=\"https:\/\/www.dolni-bousov.cz\/media\/wp-content\/gallery\/vitani-obcanku-david-macek-milan-kumstat-anna-sevcikova-28-3-2026\/thumbs\/thumbs_IMG_5391.jpg\"\n                    width=\"150\"\n                    height=\"150\"\n                    style=\"max-width:100%;\"\n                \/>\n            <\/a>\n        <\/div>\n\t\t\t\t\t\t\t<\/div> \n\t\t\t\n        \n\t\t\t\t<div id=\"ngg-image-4\" class=\"ngg-gallery-thumbnail-box\" >\n\t\t\t\t        <div class=\"ngg-gallery-thumbnail\">\n            <a href=\"https:\/\/www.dolni-bousov.cz\/media\/wp-content\/gallery\/vitani-obcanku-david-macek-milan-kumstat-anna-sevcikova-28-3-2026\/IMG_9312.jpg\"\n               title=\"\"\n               data-src=\"https:\/\/www.dolni-bousov.cz\/media\/wp-content\/gallery\/vitani-obcanku-david-macek-milan-kumstat-anna-sevcikova-28-3-2026\/IMG_9312.jpg\"\n               data-thumbnail=\"https:\/\/www.dolni-bousov.cz\/media\/wp-content\/gallery\/vitani-obcanku-david-macek-milan-kumstat-anna-sevcikova-28-3-2026\/thumbs\/thumbs_IMG_9312.jpg\"\n               data-image-id=\"14447\"\n               data-title=\"IMG_9312\"\n               data-description=\"\"\n               data-image-slug=\"img_9312-1\"\n               class=\"ngg-fancybox\" rel=\"5f1793c982d3983009c3b35527146f22\">\n                <img\n                    title=\"IMG_9312\"\n                    alt=\"IMG_9312\"\n                    src=\"https:\/\/www.dolni-bousov.cz\/media\/wp-content\/gallery\/vitani-obcanku-david-macek-milan-kumstat-anna-sevcikova-28-3-2026\/thumbs\/thumbs_IMG_9312.jpg\"\n                    width=\"150\"\n                    height=\"150\"\n                    style=\"max-width:100%;\"\n                \/>\n            <\/a>\n        <\/div>\n\t\t\t\t\t\t\t<\/div> \n\t\t\t\n        \n\t\t\t\t<div id=\"ngg-image-5\" class=\"ngg-gallery-thumbnail-box\" >\n\t\t\t\t        <div class=\"ngg-gallery-thumbnail\">\n            <a href=\"https:\/\/www.dolni-bousov.cz\/media\/wp-content\/gallery\/vitani-obcanku-david-macek-milan-kumstat-anna-sevcikova-28-3-2026\/IMG_9349.jpg\"\n               title=\"\"\n               data-src=\"https:\/\/www.dolni-bousov.cz\/media\/wp-content\/gallery\/vitani-obcanku-david-macek-milan-kumstat-anna-sevcikova-28-3-2026\/IMG_9349.jpg\"\n               data-thumbnail=\"https:\/\/www.dolni-bousov.cz\/media\/wp-content\/gallery\/vitani-obcanku-david-macek-milan-kumstat-anna-sevcikova-28-3-2026\/thumbs\/thumbs_IMG_9349.jpg\"\n               data-image-id=\"14448\"\n               data-title=\"IMG_9349\"\n               data-description=\"\"\n               data-image-slug=\"img_9349-1\"\n               class=\"ngg-fancybox\" rel=\"5f1793c982d3983009c3b35527146f22\">\n                <img\n                    title=\"IMG_9349\"\n                    alt=\"IMG_9349\"\n                    src=\"https:\/\/www.dolni-bousov.cz\/media\/wp-content\/gallery\/vitani-obcanku-david-macek-milan-kumstat-anna-sevcikova-28-3-2026\/thumbs\/thumbs_IMG_9349.jpg\"\n                    width=\"150\"\n                    height=\"150\"\n                    style=\"max-width:100%;\"\n                \/>\n            <\/a>\n        <\/div>\n\t\t\t\t\t\t\t<\/div> \n\t\t\t\n        \n\t\t\t\t<div id=\"ngg-image-6\" class=\"ngg-gallery-thumbnail-box\" >\n\t\t\t\t        <div class=\"ngg-gallery-thumbnail\">\n            <a href=\"https:\/\/www.dolni-bousov.cz\/media\/wp-content\/gallery\/vitani-obcanku-david-macek-milan-kumstat-anna-sevcikova-28-3-2026\/IMG_9455.jpg\"\n               title=\"\"\n               data-src=\"https:\/\/www.dolni-bousov.cz\/media\/wp-content\/gallery\/vitani-obcanku-david-macek-milan-kumstat-anna-sevcikova-28-3-2026\/IMG_9455.jpg\"\n               data-thumbnail=\"https:\/\/www.dolni-bousov.cz\/media\/wp-content\/gallery\/vitani-obcanku-david-macek-milan-kumstat-anna-sevcikova-28-3-2026\/thumbs\/thumbs_IMG_9455.jpg\"\n               data-image-id=\"14449\"\n               data-title=\"IMG_9455\"\n               data-description=\"\"\n               data-image-slug=\"img_9455-1\"\n               class=\"ngg-fancybox\" rel=\"5f1793c982d3983009c3b35527146f22\">\n                <img\n                    title=\"IMG_9455\"\n                    alt=\"IMG_9455\"\n                    src=\"https:\/\/www.dolni-bousov.cz\/media\/wp-content\/gallery\/vitani-obcanku-david-macek-milan-kumstat-anna-sevcikova-28-3-2026\/thumbs\/thumbs_IMG_9455.jpg\"\n                    width=\"150\"\n                    height=\"150\"\n                    style=\"max-width:100%;\"\n                \/>\n            <\/a>\n        <\/div>\n\t\t\t\t\t\t\t<\/div> \n\t\t\t\n        \n\t\t\t\t<div id=\"ngg-image-7\" class=\"ngg-gallery-thumbnail-box\" >\n\t\t\t\t        <div class=\"ngg-gallery-thumbnail\">\n            <a href=\"https:\/\/www.dolni-bousov.cz\/media\/wp-content\/gallery\/vitani-obcanku-david-macek-milan-kumstat-anna-sevcikova-28-3-2026\/IMG_9457.jpg\"\n               title=\"\"\n               data-src=\"https:\/\/www.dolni-bousov.cz\/media\/wp-content\/gallery\/vitani-obcanku-david-macek-milan-kumstat-anna-sevcikova-28-3-2026\/IMG_9457.jpg\"\n               data-thumbnail=\"https:\/\/www.dolni-bousov.cz\/media\/wp-content\/gallery\/vitani-obcanku-david-macek-milan-kumstat-anna-sevcikova-28-3-2026\/thumbs\/thumbs_IMG_9457.jpg\"\n               data-image-id=\"14450\"\n               data-title=\"IMG_9457\"\n               data-description=\"\"\n               data-image-slug=\"img_9457-1\"\n               class=\"ngg-fancybox\" rel=\"5f1793c982d3983009c3b35527146f22\">\n                <img\n                    title=\"IMG_9457\"\n                    alt=\"IMG_9457\"\n                    src=\"https:\/\/www.dolni-bousov.cz\/media\/wp-content\/gallery\/vitani-obcanku-david-macek-milan-kumstat-anna-sevcikova-28-3-2026\/thumbs\/thumbs_IMG_9457.jpg\"\n                    width=\"150\"\n                    height=\"150\"\n                    style=\"max-width:100%;\"\n                \/>\n            <\/a>\n        <\/div>\n\t\t\t\t\t\t\t<\/div> \n\t\t\t\n        \n\t\t\t\t<div id=\"ngg-image-8\" class=\"ngg-gallery-thumbnail-box\" >\n\t\t\t\t        <div class=\"ngg-gallery-thumbnail\">\n            <a href=\"https:\/\/www.dolni-bousov.cz\/media\/wp-content\/gallery\/vitani-obcanku-david-macek-milan-kumstat-anna-sevcikova-28-3-2026\/IMG_9452.jpg\"\n               title=\"\"\n               data-src=\"https:\/\/www.dolni-bousov.cz\/media\/wp-content\/gallery\/vitani-obcanku-david-macek-milan-kumstat-anna-sevcikova-28-3-2026\/IMG_9452.jpg\"\n               data-thumbnail=\"https:\/\/www.dolni-bousov.cz\/media\/wp-content\/gallery\/vitani-obcanku-david-macek-milan-kumstat-anna-sevcikova-28-3-2026\/thumbs\/thumbs_IMG_9452.jpg\"\n               data-image-id=\"14451\"\n               data-title=\"IMG_9452\"\n               data-description=\"\"\n               data-image-slug=\"img_9452-1\"\n               class=\"ngg-fancybox\" rel=\"5f1793c982d3983009c3b35527146f22\">\n                <img\n                    title=\"IMG_9452\"\n                    alt=\"IMG_9452\"\n                    src=\"https:\/\/www.dolni-bousov.cz\/media\/wp-content\/gallery\/vitani-obcanku-david-macek-milan-kumstat-anna-sevcikova-28-3-2026\/thumbs\/thumbs_IMG_9452.jpg\"\n                    width=\"150\"\n                    height=\"150\"\n                    style=\"max-width:100%;\"\n                \/>\n            <\/a>\n        <\/div>\n\t\t\t\t\t\t\t<\/div> \n\t\t\t\n        \n\t\t\t\t<div id=\"ngg-image-9\" class=\"ngg-gallery-thumbnail-box\" >\n\t\t\t\t        <div class=\"ngg-gallery-thumbnail\">\n            <a href=\"https:\/\/www.dolni-bousov.cz\/media\/wp-content\/gallery\/vitani-obcanku-david-macek-milan-kumstat-anna-sevcikova-28-3-2026\/IMG_9464.jpg\"\n               title=\"\"\n               data-src=\"https:\/\/www.dolni-bousov.cz\/media\/wp-content\/gallery\/vitani-obcanku-david-macek-milan-kumstat-anna-sevcikova-28-3-2026\/IMG_9464.jpg\"\n               data-thumbnail=\"https:\/\/www.dolni-bousov.cz\/media\/wp-content\/gallery\/vitani-obcanku-david-macek-milan-kumstat-anna-sevcikova-28-3-2026\/thumbs\/thumbs_IMG_9464.jpg\"\n               data-image-id=\"14452\"\n               data-title=\"IMG_9464\"\n               data-description=\"\"\n               data-image-slug=\"img_9464\"\n               class=\"ngg-fancybox\" rel=\"5f1793c982d3983009c3b35527146f22\">\n                <img\n                    title=\"IMG_9464\"\n                    alt=\"IMG_9464\"\n                    src=\"https:\/\/www.dolni-bousov.cz\/media\/wp-content\/gallery\/vitani-obcanku-david-macek-milan-kumstat-anna-sevcikova-28-3-2026\/thumbs\/thumbs_IMG_9464.jpg\"\n                    width=\"150\"\n                    height=\"150\"\n                    style=\"max-width:100%;\"\n                \/>\n            <\/a>\n        <\/div>\n\t\t\t\t\t\t\t<\/div> \n\t\t\t\n        \n\t\t\t\t<div id=\"ngg-image-10\" class=\"ngg-gallery-thumbnail-box\" >\n\t\t\t\t        <div class=\"ngg-gallery-thumbnail\">\n            <a href=\"https:\/\/www.dolni-bousov.cz\/media\/wp-content\/gallery\/vitani-obcanku-david-macek-milan-kumstat-anna-sevcikova-28-3-2026\/IMG_9476.jpg\"\n               title=\"\"\n               data-src=\"https:\/\/www.dolni-bousov.cz\/media\/wp-content\/gallery\/vitani-obcanku-david-macek-milan-kumstat-anna-sevcikova-28-3-2026\/IMG_9476.jpg\"\n               data-thumbnail=\"https:\/\/www.dolni-bousov.cz\/media\/wp-content\/gallery\/vitani-obcanku-david-macek-milan-kumstat-anna-sevcikova-28-3-2026\/thumbs\/thumbs_IMG_9476.jpg\"\n               data-image-id=\"14453\"\n               data-title=\"IMG_9476\"\n               data-description=\"\"\n               data-image-slug=\"img_9476\"\n               class=\"ngg-fancybox\" rel=\"5f1793c982d3983009c3b35527146f22\">\n                <img\n                    title=\"IMG_9476\"\n                    alt=\"IMG_9476\"\n                    src=\"https:\/\/www.dolni-bousov.cz\/media\/wp-content\/gallery\/vitani-obcanku-david-macek-milan-kumstat-anna-sevcikova-28-3-2026\/thumbs\/thumbs_IMG_9476.jpg\"\n                    width=\"150\"\n                    height=\"150\"\n                    style=\"max-width:100%;\"\n                \/>\n            <\/a>\n        <\/div>\n\t\t\t\t\t\t\t<\/div> \n\t\t\t\n        \n\t\t\t\t<div id=\"ngg-image-11\" class=\"ngg-gallery-thumbnail-box\" >\n\t\t\t\t        <div class=\"ngg-gallery-thumbnail\">\n            <a href=\"https:\/\/www.dolni-bousov.cz\/media\/wp-content\/gallery\/vitani-obcanku-david-macek-milan-kumstat-anna-sevcikova-28-3-2026\/IMG_9468.jpg\"\n               title=\"\"\n               data-src=\"https:\/\/www.dolni-bousov.cz\/media\/wp-content\/gallery\/vitani-obcanku-david-macek-milan-kumstat-anna-sevcikova-28-3-2026\/IMG_9468.jpg\"\n               data-thumbnail=\"https:\/\/www.dolni-bousov.cz\/media\/wp-content\/gallery\/vitani-obcanku-david-macek-milan-kumstat-anna-sevcikova-28-3-2026\/thumbs\/thumbs_IMG_9468.jpg\"\n               data-image-id=\"14454\"\n               data-title=\"IMG_9468\"\n               data-description=\"\"\n               data-image-slug=\"img_9468-2\"\n               class=\"ngg-fancybox\" rel=\"5f1793c982d3983009c3b35527146f22\">\n                <img\n                    title=\"IMG_9468\"\n                    alt=\"IMG_9468\"\n                    src=\"https:\/\/www.dolni-bousov.cz\/media\/wp-content\/gallery\/vitani-obcanku-david-macek-milan-kumstat-anna-sevcikova-28-3-2026\/thumbs\/thumbs_IMG_9468.jpg\"\n                    width=\"150\"\n                    height=\"150\"\n                    style=\"max-width:100%;\"\n                \/>\n            <\/a>\n        <\/div>\n\t\t\t\t\t\t\t<\/div> \n\t\t\t\n        \n\t\t\t\t<div id=\"ngg-image-12\" class=\"ngg-gallery-thumbnail-box\" >\n\t\t\t\t        <div class=\"ngg-gallery-thumbnail\">\n            <a href=\"https:\/\/www.dolni-bousov.cz\/media\/wp-content\/gallery\/vitani-obcanku-david-macek-milan-kumstat-anna-sevcikova-28-3-2026\/IMG_9479.jpg\"\n               title=\"\"\n               data-src=\"https:\/\/www.dolni-bousov.cz\/media\/wp-content\/gallery\/vitani-obcanku-david-macek-milan-kumstat-anna-sevcikova-28-3-2026\/IMG_9479.jpg\"\n               data-thumbnail=\"https:\/\/www.dolni-bousov.cz\/media\/wp-content\/gallery\/vitani-obcanku-david-macek-milan-kumstat-anna-sevcikova-28-3-2026\/thumbs\/thumbs_IMG_9479.jpg\"\n               data-image-id=\"14455\"\n               data-title=\"IMG_9479\"\n               data-description=\"\"\n               data-image-slug=\"img_9479-1\"\n               class=\"ngg-fancybox\" rel=\"5f1793c982d3983009c3b35527146f22\">\n                <img\n                    title=\"IMG_9479\"\n                    alt=\"IMG_9479\"\n                    src=\"https:\/\/www.dolni-bousov.cz\/media\/wp-content\/gallery\/vitani-obcanku-david-macek-milan-kumstat-anna-sevcikova-28-3-2026\/thumbs\/thumbs_IMG_9479.jpg\"\n                    width=\"150\"\n                    height=\"150\"\n                    style=\"max-width:100%;\"\n                \/>\n            <\/a>\n        <\/div>\n\t\t\t\t\t\t\t<\/div> \n\t\t\t\n        \n\t\t\t\t<div id=\"ngg-image-13\" class=\"ngg-gallery-thumbnail-box\" >\n\t\t\t\t        <div class=\"ngg-gallery-thumbnail\">\n            <a href=\"https:\/\/www.dolni-bousov.cz\/media\/wp-content\/gallery\/vitani-obcanku-david-macek-milan-kumstat-anna-sevcikova-28-3-2026\/IMG_9484.jpg\"\n               title=\"\"\n               data-src=\"https:\/\/www.dolni-bousov.cz\/media\/wp-content\/gallery\/vitani-obcanku-david-macek-milan-kumstat-anna-sevcikova-28-3-2026\/IMG_9484.jpg\"\n               data-thumbnail=\"https:\/\/www.dolni-bousov.cz\/media\/wp-content\/gallery\/vitani-obcanku-david-macek-milan-kumstat-anna-sevcikova-28-3-2026\/thumbs\/thumbs_IMG_9484.jpg\"\n               data-image-id=\"14456\"\n               data-title=\"IMG_9484\"\n               data-description=\"\"\n               data-image-slug=\"img_9484-1\"\n               class=\"ngg-fancybox\" rel=\"5f1793c982d3983009c3b35527146f22\">\n                <img\n                    title=\"IMG_9484\"\n                    alt=\"IMG_9484\"\n                    src=\"https:\/\/www.dolni-bousov.cz\/media\/wp-content\/gallery\/vitani-obcanku-david-macek-milan-kumstat-anna-sevcikova-28-3-2026\/thumbs\/thumbs_IMG_9484.jpg\"\n                    width=\"150\"\n                    height=\"150\"\n                    style=\"max-width:100%;\"\n                \/>\n            <\/a>\n        <\/div>\n\t\t\t\t\t\t\t<\/div> \n\t\t\t\n        \n\t\t\t\t<div id=\"ngg-image-14\" class=\"ngg-gallery-thumbnail-box\" >\n\t\t\t\t        <div class=\"ngg-gallery-thumbnail\">\n            <a href=\"https:\/\/www.dolni-bousov.cz\/media\/wp-content\/gallery\/vitani-obcanku-david-macek-milan-kumstat-anna-sevcikova-28-3-2026\/IMG_9485.jpg\"\n               title=\"\"\n               data-src=\"https:\/\/www.dolni-bousov.cz\/media\/wp-content\/gallery\/vitani-obcanku-david-macek-milan-kumstat-anna-sevcikova-28-3-2026\/IMG_9485.jpg\"\n               data-thumbnail=\"https:\/\/www.dolni-bousov.cz\/media\/wp-content\/gallery\/vitani-obcanku-david-macek-milan-kumstat-anna-sevcikova-28-3-2026\/thumbs\/thumbs_IMG_9485.jpg\"\n               data-image-id=\"14457\"\n               data-title=\"IMG_9485\"\n               data-description=\"\"\n               data-image-slug=\"img_9485-1\"\n               class=\"ngg-fancybox\" rel=\"5f1793c982d3983009c3b35527146f22\">\n                <img\n                    title=\"IMG_9485\"\n                    alt=\"IMG_9485\"\n                    src=\"https:\/\/www.dolni-bousov.cz\/media\/wp-content\/gallery\/vitani-obcanku-david-macek-milan-kumstat-anna-sevcikova-28-3-2026\/thumbs\/thumbs_IMG_9485.jpg\"\n                    width=\"150\"\n                    height=\"150\"\n                    style=\"max-width:100%;\"\n                \/>\n            <\/a>\n        <\/div>\n\t\t\t\t\t\t\t<\/div> \n\t\t\t\n        \n\t\t\t\t<div id=\"ngg-image-15\" class=\"ngg-gallery-thumbnail-box\" >\n\t\t\t\t        <div class=\"ngg-gallery-thumbnail\">\n            <a href=\"https:\/\/www.dolni-bousov.cz\/media\/wp-content\/gallery\/vitani-obcanku-david-macek-milan-kumstat-anna-sevcikova-28-3-2026\/IMG_9487.jpg\"\n               title=\"\"\n               data-src=\"https:\/\/www.dolni-bousov.cz\/media\/wp-content\/gallery\/vitani-obcanku-david-macek-milan-kumstat-anna-sevcikova-28-3-2026\/IMG_9487.jpg\"\n               data-thumbnail=\"https:\/\/www.dolni-bousov.cz\/media\/wp-content\/gallery\/vitani-obcanku-david-macek-milan-kumstat-anna-sevcikova-28-3-2026\/thumbs\/thumbs_IMG_9487.jpg\"\n               data-image-id=\"14458\"\n               data-title=\"IMG_9487\"\n               data-description=\"\"\n               data-image-slug=\"img_9487-1\"\n               class=\"ngg-fancybox\" rel=\"5f1793c982d3983009c3b35527146f22\">\n                <img\n                    title=\"IMG_9487\"\n                    alt=\"IMG_9487\"\n                    src=\"https:\/\/www.dolni-bousov.cz\/media\/wp-content\/gallery\/vitani-obcanku-david-macek-milan-kumstat-anna-sevcikova-28-3-2026\/thumbs\/thumbs_IMG_9487.jpg\"\n                    width=\"150\"\n                    height=\"150\"\n                    style=\"max-width:100%;\"\n                \/>\n            <\/a>\n        <\/div>\n\t\t\t\t\t\t\t<\/div> \n\t\t\t\n        \n\t\t\t\t<div id=\"ngg-image-16\" class=\"ngg-gallery-thumbnail-box\" >\n\t\t\t\t        <div class=\"ngg-gallery-thumbnail\">\n            <a href=\"https:\/\/www.dolni-bousov.cz\/media\/wp-content\/gallery\/vitani-obcanku-david-macek-milan-kumstat-anna-sevcikova-28-3-2026\/IMG_9490.jpg\"\n               title=\"\"\n               data-src=\"https:\/\/www.dolni-bousov.cz\/media\/wp-content\/gallery\/vitani-obcanku-david-macek-milan-kumstat-anna-sevcikova-28-3-2026\/IMG_9490.jpg\"\n               data-thumbnail=\"https:\/\/www.dolni-bousov.cz\/media\/wp-content\/gallery\/vitani-obcanku-david-macek-milan-kumstat-anna-sevcikova-28-3-2026\/thumbs\/thumbs_IMG_9490.jpg\"\n               data-image-id=\"14459\"\n               data-title=\"IMG_9490\"\n               data-description=\"\"\n               data-image-slug=\"img_9490-1\"\n               class=\"ngg-fancybox\" rel=\"5f1793c982d3983009c3b35527146f22\">\n                <img\n                    title=\"IMG_9490\"\n                    alt=\"IMG_9490\"\n                    src=\"https:\/\/www.dolni-bousov.cz\/media\/wp-content\/gallery\/vitani-obcanku-david-macek-milan-kumstat-anna-sevcikova-28-3-2026\/thumbs\/thumbs_IMG_9490.jpg\"\n                    width=\"150\"\n                    height=\"150\"\n                    style=\"max-width:100%;\"\n                \/>\n            <\/a>\n        <\/div>\n\t\t\t\t\t\t\t<\/div> \n\t\t\t\n        \n\t\t\t\t<div id=\"ngg-image-17\" class=\"ngg-gallery-thumbnail-box\" >\n\t\t\t\t        <div class=\"ngg-gallery-thumbnail\">\n            <a href=\"https:\/\/www.dolni-bousov.cz\/media\/wp-content\/gallery\/vitani-obcanku-david-macek-milan-kumstat-anna-sevcikova-28-3-2026\/IMG_9492.jpg\"\n               title=\"\"\n               data-src=\"https:\/\/www.dolni-bousov.cz\/media\/wp-content\/gallery\/vitani-obcanku-david-macek-milan-kumstat-anna-sevcikova-28-3-2026\/IMG_9492.jpg\"\n               data-thumbnail=\"https:\/\/www.dolni-bousov.cz\/media\/wp-content\/gallery\/vitani-obcanku-david-macek-milan-kumstat-anna-sevcikova-28-3-2026\/thumbs\/thumbs_IMG_9492.jpg\"\n               data-image-id=\"14460\"\n               data-title=\"IMG_9492\"\n               data-description=\"\"\n               data-image-slug=\"img_9492\"\n               class=\"ngg-fancybox\" rel=\"5f1793c982d3983009c3b35527146f22\">\n                <img\n                    title=\"IMG_9492\"\n                    alt=\"IMG_9492\"\n                    src=\"https:\/\/www.dolni-bousov.cz\/media\/wp-content\/gallery\/vitani-obcanku-david-macek-milan-kumstat-anna-sevcikova-28-3-2026\/thumbs\/thumbs_IMG_9492.jpg\"\n                    width=\"150\"\n                    height=\"150\"\n                    style=\"max-width:100%;\"\n                \/>\n            <\/a>\n        <\/div>\n\t\t\t\t\t\t\t<\/div> \n\t\t\t\n        \n\t\t\t\t<div id=\"ngg-image-18\" class=\"ngg-gallery-thumbnail-box\" >\n\t\t\t\t        <div class=\"ngg-gallery-thumbnail\">\n            <a href=\"https:\/\/www.dolni-bousov.cz\/media\/wp-content\/gallery\/vitani-obcanku-david-macek-milan-kumstat-anna-sevcikova-28-3-2026\/IMG_9493.jpg\"\n               title=\"\"\n               data-src=\"https:\/\/www.dolni-bousov.cz\/media\/wp-content\/gallery\/vitani-obcanku-david-macek-milan-kumstat-anna-sevcikova-28-3-2026\/IMG_9493.jpg\"\n               data-thumbnail=\"https:\/\/www.dolni-bousov.cz\/media\/wp-content\/gallery\/vitani-obcanku-david-macek-milan-kumstat-anna-sevcikova-28-3-2026\/thumbs\/thumbs_IMG_9493.jpg\"\n               data-image-id=\"14461\"\n               data-title=\"IMG_9493\"\n               data-description=\"\"\n               data-image-slug=\"img_9493-1\"\n               class=\"ngg-fancybox\" rel=\"5f1793c982d3983009c3b35527146f22\">\n                <img\n                    title=\"IMG_9493\"\n                    alt=\"IMG_9493\"\n                    src=\"https:\/\/www.dolni-bousov.cz\/media\/wp-content\/gallery\/vitani-obcanku-david-macek-milan-kumstat-anna-sevcikova-28-3-2026\/thumbs\/thumbs_IMG_9493.jpg\"\n                    width=\"150\"\n                    height=\"150\"\n                    style=\"max-width:100%;\"\n                \/>\n            <\/a>\n        <\/div>\n\t\t\t\t\t\t\t<\/div> \n\t\t\t\n        \n\t\t\t\t<div id=\"ngg-image-19\" class=\"ngg-gallery-thumbnail-box\" >\n\t\t\t\t        <div class=\"ngg-gallery-thumbnail\">\n            <a href=\"https:\/\/www.dolni-bousov.cz\/media\/wp-content\/gallery\/vitani-obcanku-david-macek-milan-kumstat-anna-sevcikova-28-3-2026\/IMG_9496.jpg\"\n               title=\"\"\n               data-src=\"https:\/\/www.dolni-bousov.cz\/media\/wp-content\/gallery\/vitani-obcanku-david-macek-milan-kumstat-anna-sevcikova-28-3-2026\/IMG_9496.jpg\"\n               data-thumbnail=\"https:\/\/www.dolni-bousov.cz\/media\/wp-content\/gallery\/vitani-obcanku-david-macek-milan-kumstat-anna-sevcikova-28-3-2026\/thumbs\/thumbs_IMG_9496.jpg\"\n               data-image-id=\"14462\"\n               data-title=\"IMG_9496\"\n               data-description=\"\"\n               data-image-slug=\"img_9496\"\n               class=\"ngg-fancybox\" rel=\"5f1793c982d3983009c3b35527146f22\">\n                <img\n                    title=\"IMG_9496\"\n                    alt=\"IMG_9496\"\n                    src=\"https:\/\/www.dolni-bousov.cz\/media\/wp-content\/gallery\/vitani-obcanku-david-macek-milan-kumstat-anna-sevcikova-28-3-2026\/thumbs\/thumbs_IMG_9496.jpg\"\n                    width=\"150\"\n                    height=\"150\"\n                    style=\"max-width:100%;\"\n                \/>\n            <\/a>\n        <\/div>\n\t\t\t\t\t\t\t<\/div> \n\t\t\t\n        \n\t\t\t\t<div id=\"ngg-image-20\" class=\"ngg-gallery-thumbnail-box\" >\n\t\t\t\t        <div class=\"ngg-gallery-thumbnail\">\n            <a href=\"https:\/\/www.dolni-bousov.cz\/media\/wp-content\/gallery\/vitani-obcanku-david-macek-milan-kumstat-anna-sevcikova-28-3-2026\/IMG_9494.jpg\"\n               title=\"\"\n               data-src=\"https:\/\/www.dolni-bousov.cz\/media\/wp-content\/gallery\/vitani-obcanku-david-macek-milan-kumstat-anna-sevcikova-28-3-2026\/IMG_9494.jpg\"\n               data-thumbnail=\"https:\/\/www.dolni-bousov.cz\/media\/wp-content\/gallery\/vitani-obcanku-david-macek-milan-kumstat-anna-sevcikova-28-3-2026\/thumbs\/thumbs_IMG_9494.jpg\"\n               data-image-id=\"14463\"\n               data-title=\"IMG_9494\"\n               data-description=\"\"\n               data-image-slug=\"img_9494\"\n               class=\"ngg-fancybox\" rel=\"5f1793c982d3983009c3b35527146f22\">\n                <img\n                    title=\"IMG_9494\"\n                    alt=\"IMG_9494\"\n                    src=\"https:\/\/www.dolni-bousov.cz\/media\/wp-content\/gallery\/vitani-obcanku-david-macek-milan-kumstat-anna-sevcikova-28-3-2026\/thumbs\/thumbs_IMG_9494.jpg\"\n                    width=\"150\"\n                    height=\"150\"\n                    style=\"max-width:100%;\"\n                \/>\n            <\/a>\n        <\/div>\n\t\t\t\t\t\t\t<\/div> \n\t\t\t\n        \n\t\t\t\t<div id=\"ngg-image-21\" class=\"ngg-gallery-thumbnail-box\" >\n\t\t\t\t        <div class=\"ngg-gallery-thumbnail\">\n            <a href=\"https:\/\/www.dolni-bousov.cz\/media\/wp-content\/gallery\/vitani-obcanku-david-macek-milan-kumstat-anna-sevcikova-28-3-2026\/IMG_9498.jpg\"\n               title=\"\"\n               data-src=\"https:\/\/www.dolni-bousov.cz\/media\/wp-content\/gallery\/vitani-obcanku-david-macek-milan-kumstat-anna-sevcikova-28-3-2026\/IMG_9498.jpg\"\n               data-thumbnail=\"https:\/\/www.dolni-bousov.cz\/media\/wp-content\/gallery\/vitani-obcanku-david-macek-milan-kumstat-anna-sevcikova-28-3-2026\/thumbs\/thumbs_IMG_9498.jpg\"\n               data-image-id=\"14464\"\n               data-title=\"IMG_9498\"\n               data-description=\"\"\n               data-image-slug=\"img_9498-1\"\n               class=\"ngg-fancybox\" rel=\"5f1793c982d3983009c3b35527146f22\">\n                <img\n                    title=\"IMG_9498\"\n                    alt=\"IMG_9498\"\n                    src=\"https:\/\/www.dolni-bousov.cz\/media\/wp-content\/gallery\/vitani-obcanku-david-macek-milan-kumstat-anna-sevcikova-28-3-2026\/thumbs\/thumbs_IMG_9498.jpg\"\n                    width=\"150\"\n                    height=\"150\"\n                    style=\"max-width:100%;\"\n                \/>\n            <\/a>\n        <\/div>\n\t\t\t\t\t\t\t<\/div> \n\t\t\t\n        \n\t\t\t\t<div id=\"ngg-image-22\" class=\"ngg-gallery-thumbnail-box\" >\n\t\t\t\t        <div class=\"ngg-gallery-thumbnail\">\n            <a href=\"https:\/\/www.dolni-bousov.cz\/media\/wp-content\/gallery\/vitani-obcanku-david-macek-milan-kumstat-anna-sevcikova-28-3-2026\/IMG_9500.jpg\"\n               title=\"\"\n               data-src=\"https:\/\/www.dolni-bousov.cz\/media\/wp-content\/gallery\/vitani-obcanku-david-macek-milan-kumstat-anna-sevcikova-28-3-2026\/IMG_9500.jpg\"\n               data-thumbnail=\"https:\/\/www.dolni-bousov.cz\/media\/wp-content\/gallery\/vitani-obcanku-david-macek-milan-kumstat-anna-sevcikova-28-3-2026\/thumbs\/thumbs_IMG_9500.jpg\"\n               data-image-id=\"14465\"\n               data-title=\"IMG_9500\"\n               data-description=\"\"\n               data-image-slug=\"img_9500\"\n               class=\"ngg-fancybox\" rel=\"5f1793c982d3983009c3b35527146f22\">\n                <img\n                    title=\"IMG_9500\"\n                    alt=\"IMG_9500\"\n                    src=\"https:\/\/www.dolni-bousov.cz\/media\/wp-content\/gallery\/vitani-obcanku-david-macek-milan-kumstat-anna-sevcikova-28-3-2026\/thumbs\/thumbs_IMG_9500.jpg\"\n                    width=\"150\"\n                    height=\"150\"\n                    style=\"max-width:100%;\"\n                \/>\n            <\/a>\n        <\/div>\n\t\t\t\t\t\t\t<\/div> \n\t\t\t\n        \n\t\t\t\t<div id=\"ngg-image-23\" class=\"ngg-gallery-thumbnail-box\" >\n\t\t\t\t        <div class=\"ngg-gallery-thumbnail\">\n            <a href=\"https:\/\/www.dolni-bousov.cz\/media\/wp-content\/gallery\/vitani-obcanku-david-macek-milan-kumstat-anna-sevcikova-28-3-2026\/IMG_9503.jpg\"\n               title=\"\"\n               data-src=\"https:\/\/www.dolni-bousov.cz\/media\/wp-content\/gallery\/vitani-obcanku-david-macek-milan-kumstat-anna-sevcikova-28-3-2026\/IMG_9503.jpg\"\n               data-thumbnail=\"https:\/\/www.dolni-bousov.cz\/media\/wp-content\/gallery\/vitani-obcanku-david-macek-milan-kumstat-anna-sevcikova-28-3-2026\/thumbs\/thumbs_IMG_9503.jpg\"\n               data-image-id=\"14466\"\n               data-title=\"IMG_9503\"\n               data-description=\"\"\n               data-image-slug=\"img_9503\"\n               class=\"ngg-fancybox\" rel=\"5f1793c982d3983009c3b35527146f22\">\n                <img\n                    title=\"IMG_9503\"\n                    alt=\"IMG_9503\"\n                    src=\"https:\/\/www.dolni-bousov.cz\/media\/wp-content\/gallery\/vitani-obcanku-david-macek-milan-kumstat-anna-sevcikova-28-3-2026\/thumbs\/thumbs_IMG_9503.jpg\"\n                    width=\"150\"\n                    height=\"150\"\n                    style=\"max-width:100%;\"\n                \/>\n            <\/a>\n        <\/div>\n\t\t\t\t\t\t\t<\/div> \n\t\t\t\n        \n\t\t\t\t<div id=\"ngg-image-24\" class=\"ngg-gallery-thumbnail-box\" >\n\t\t\t\t        <div class=\"ngg-gallery-thumbnail\">\n            <a href=\"https:\/\/www.dolni-bousov.cz\/media\/wp-content\/gallery\/vitani-obcanku-david-macek-milan-kumstat-anna-sevcikova-28-3-2026\/IMG_9505.jpg\"\n               title=\"\"\n               data-src=\"https:\/\/www.dolni-bousov.cz\/media\/wp-content\/gallery\/vitani-obcanku-david-macek-milan-kumstat-anna-sevcikova-28-3-2026\/IMG_9505.jpg\"\n               data-thumbnail=\"https:\/\/www.dolni-bousov.cz\/media\/wp-content\/gallery\/vitani-obcanku-david-macek-milan-kumstat-anna-sevcikova-28-3-2026\/thumbs\/thumbs_IMG_9505.jpg\"\n               data-image-id=\"14467\"\n               data-title=\"IMG_9505\"\n               data-description=\"\"\n               data-image-slug=\"img_9505\"\n               class=\"ngg-fancybox\" rel=\"5f1793c982d3983009c3b35527146f22\">\n                <img\n                    title=\"IMG_9505\"\n                    alt=\"IMG_9505\"\n                    src=\"https:\/\/www.dolni-bousov.cz\/media\/wp-content\/gallery\/vitani-obcanku-david-macek-milan-kumstat-anna-sevcikova-28-3-2026\/thumbs\/thumbs_IMG_9505.jpg\"\n                    width=\"150\"\n                    height=\"150\"\n                    style=\"max-width:100%;\"\n                \/>\n            <\/a>\n        <\/div>\n\t\t\t\t\t\t\t<\/div> \n\t\t\t\n        \n\t\t\t\t<div id=\"ngg-image-25\" class=\"ngg-gallery-thumbnail-box\" >\n\t\t\t\t        <div class=\"ngg-gallery-thumbnail\">\n            <a href=\"https:\/\/www.dolni-bousov.cz\/media\/wp-content\/gallery\/vitani-obcanku-david-macek-milan-kumstat-anna-sevcikova-28-3-2026\/IMG_9513.jpg\"\n               title=\"\"\n               data-src=\"https:\/\/www.dolni-bousov.cz\/media\/wp-content\/gallery\/vitani-obcanku-david-macek-milan-kumstat-anna-sevcikova-28-3-2026\/IMG_9513.jpg\"\n               data-thumbnail=\"https:\/\/www.dolni-bousov.cz\/media\/wp-content\/gallery\/vitani-obcanku-david-macek-milan-kumstat-anna-sevcikova-28-3-2026\/thumbs\/thumbs_IMG_9513.jpg\"\n               data-image-id=\"14468\"\n               data-title=\"IMG_9513\"\n               data-description=\"\"\n               data-image-slug=\"img_9513-1\"\n               class=\"ngg-fancybox\" rel=\"5f1793c982d3983009c3b35527146f22\">\n                <img\n                    title=\"IMG_9513\"\n                    alt=\"IMG_9513\"\n                    src=\"https:\/\/www.dolni-bousov.cz\/media\/wp-content\/gallery\/vitani-obcanku-david-macek-milan-kumstat-anna-sevcikova-28-3-2026\/thumbs\/thumbs_IMG_9513.jpg\"\n                    width=\"150\"\n                    height=\"150\"\n                    style=\"max-width:100%;\"\n                \/>\n            <\/a>\n        <\/div>\n\t\t\t\t\t\t\t<\/div> \n\t\t\t\n        \n\t\t\t\t<div id=\"ngg-image-26\" class=\"ngg-gallery-thumbnail-box\" >\n\t\t\t\t        <div class=\"ngg-gallery-thumbnail\">\n            <a href=\"https:\/\/www.dolni-bousov.cz\/media\/wp-content\/gallery\/vitani-obcanku-david-macek-milan-kumstat-anna-sevcikova-28-3-2026\/IMG_9508.jpg\"\n               title=\"\"\n               data-src=\"https:\/\/www.dolni-bousov.cz\/media\/wp-content\/gallery\/vitani-obcanku-david-macek-milan-kumstat-anna-sevcikova-28-3-2026\/IMG_9508.jpg\"\n               data-thumbnail=\"https:\/\/www.dolni-bousov.cz\/media\/wp-content\/gallery\/vitani-obcanku-david-macek-milan-kumstat-anna-sevcikova-28-3-2026\/thumbs\/thumbs_IMG_9508.jpg\"\n               data-image-id=\"14469\"\n               data-title=\"IMG_9508\"\n               data-description=\"\"\n               data-image-slug=\"img_9508\"\n               class=\"ngg-fancybox\" rel=\"5f1793c982d3983009c3b35527146f22\">\n                <img\n                    title=\"IMG_9508\"\n                    alt=\"IMG_9508\"\n                    src=\"https:\/\/www.dolni-bousov.cz\/media\/wp-content\/gallery\/vitani-obcanku-david-macek-milan-kumstat-anna-sevcikova-28-3-2026\/thumbs\/thumbs_IMG_9508.jpg\"\n                    width=\"150\"\n                    height=\"150\"\n                    style=\"max-width:100%;\"\n                \/>\n            <\/a>\n        <\/div>\n\t\t\t\t\t\t\t<\/div> \n\t\t\t\n        \n\t\t\t\t<div id=\"ngg-image-27\" class=\"ngg-gallery-thumbnail-box\" >\n\t\t\t\t        <div class=\"ngg-gallery-thumbnail\">\n            <a href=\"https:\/\/www.dolni-bousov.cz\/media\/wp-content\/gallery\/vitani-obcanku-david-macek-milan-kumstat-anna-sevcikova-28-3-2026\/IMG_9515.jpg\"\n               title=\"\"\n               data-src=\"https:\/\/www.dolni-bousov.cz\/media\/wp-content\/gallery\/vitani-obcanku-david-macek-milan-kumstat-anna-sevcikova-28-3-2026\/IMG_9515.jpg\"\n               data-thumbnail=\"https:\/\/www.dolni-bousov.cz\/media\/wp-content\/gallery\/vitani-obcanku-david-macek-milan-kumstat-anna-sevcikova-28-3-2026\/thumbs\/thumbs_IMG_9515.jpg\"\n               data-image-id=\"14470\"\n               data-title=\"IMG_9515\"\n               data-description=\"\"\n               data-image-slug=\"img_9515-1\"\n               class=\"ngg-fancybox\" rel=\"5f1793c982d3983009c3b35527146f22\">\n                <img\n                    title=\"IMG_9515\"\n                    alt=\"IMG_9515\"\n                    src=\"https:\/\/www.dolni-bousov.cz\/media\/wp-content\/gallery\/vitani-obcanku-david-macek-milan-kumstat-anna-sevcikova-28-3-2026\/thumbs\/thumbs_IMG_9515.jpg\"\n                    width=\"150\"\n                    height=\"150\"\n                    style=\"max-width:100%;\"\n                \/>\n            <\/a>\n        <\/div>\n\t\t\t\t\t\t\t<\/div> \n\t\t\t\n        \n\t\t\t\t<div id=\"ngg-image-28\" class=\"ngg-gallery-thumbnail-box\" >\n\t\t\t\t        <div class=\"ngg-gallery-thumbnail\">\n            <a href=\"https:\/\/www.dolni-bousov.cz\/media\/wp-content\/gallery\/vitani-obcanku-david-macek-milan-kumstat-anna-sevcikova-28-3-2026\/IMG_9517.jpg\"\n               title=\"\"\n               data-src=\"https:\/\/www.dolni-bousov.cz\/media\/wp-content\/gallery\/vitani-obcanku-david-macek-milan-kumstat-anna-sevcikova-28-3-2026\/IMG_9517.jpg\"\n               data-thumbnail=\"https:\/\/www.dolni-bousov.cz\/media\/wp-content\/gallery\/vitani-obcanku-david-macek-milan-kumstat-anna-sevcikova-28-3-2026\/thumbs\/thumbs_IMG_9517.jpg\"\n               data-image-id=\"14471\"\n               data-title=\"IMG_9517\"\n               data-description=\"\"\n               data-image-slug=\"img_9517-1\"\n               class=\"ngg-fancybox\" rel=\"5f1793c982d3983009c3b35527146f22\">\n                <img\n                    title=\"IMG_9517\"\n                    alt=\"IMG_9517\"\n                    src=\"https:\/\/www.dolni-bousov.cz\/media\/wp-content\/gallery\/vitani-obcanku-david-macek-milan-kumstat-anna-sevcikova-28-3-2026\/thumbs\/thumbs_IMG_9517.jpg\"\n                    width=\"150\"\n                    height=\"150\"\n                    style=\"max-width:100%;\"\n                \/>\n            <\/a>\n        <\/div>\n\t\t\t\t\t\t\t<\/div> \n\t\t\t\n        \n\t\t\t\t<div id=\"ngg-image-29\" class=\"ngg-gallery-thumbnail-box\" >\n\t\t\t\t        <div class=\"ngg-gallery-thumbnail\">\n            <a href=\"https:\/\/www.dolni-bousov.cz\/media\/wp-content\/gallery\/vitani-obcanku-david-macek-milan-kumstat-anna-sevcikova-28-3-2026\/IMG_9519.jpg\"\n               title=\"\"\n               data-src=\"https:\/\/www.dolni-bousov.cz\/media\/wp-content\/gallery\/vitani-obcanku-david-macek-milan-kumstat-anna-sevcikova-28-3-2026\/IMG_9519.jpg\"\n               data-thumbnail=\"https:\/\/www.dolni-bousov.cz\/media\/wp-content\/gallery\/vitani-obcanku-david-macek-milan-kumstat-anna-sevcikova-28-3-2026\/thumbs\/thumbs_IMG_9519.jpg\"\n               data-image-id=\"14472\"\n               data-title=\"IMG_9519\"\n               data-description=\"\"\n               data-image-slug=\"img_9519-1\"\n               class=\"ngg-fancybox\" rel=\"5f1793c982d3983009c3b35527146f22\">\n                <img\n                    title=\"IMG_9519\"\n                    alt=\"IMG_9519\"\n                    src=\"https:\/\/www.dolni-bousov.cz\/media\/wp-content\/gallery\/vitani-obcanku-david-macek-milan-kumstat-anna-sevcikova-28-3-2026\/thumbs\/thumbs_IMG_9519.jpg\"\n                    width=\"150\"\n                    height=\"150\"\n                    style=\"max-width:100%;\"\n                \/>\n            <\/a>\n        <\/div>\n\t\t\t\t\t\t\t<\/div> \n\t\t\t\n        \n\t\t\t\t<div id=\"ngg-image-30\" class=\"ngg-gallery-thumbnail-box\" >\n\t\t\t\t        <div class=\"ngg-gallery-thumbnail\">\n            <a href=\"https:\/\/www.dolni-bousov.cz\/media\/wp-content\/gallery\/vitani-obcanku-david-macek-milan-kumstat-anna-sevcikova-28-3-2026\/IMG_9521.jpg\"\n               title=\"\"\n               data-src=\"https:\/\/www.dolni-bousov.cz\/media\/wp-content\/gallery\/vitani-obcanku-david-macek-milan-kumstat-anna-sevcikova-28-3-2026\/IMG_9521.jpg\"\n               data-thumbnail=\"https:\/\/www.dolni-bousov.cz\/media\/wp-content\/gallery\/vitani-obcanku-david-macek-milan-kumstat-anna-sevcikova-28-3-2026\/thumbs\/thumbs_IMG_9521.jpg\"\n               data-image-id=\"14473\"\n               data-title=\"IMG_9521\"\n               data-description=\"\"\n               data-image-slug=\"img_9521-2\"\n               class=\"ngg-fancybox\" rel=\"5f1793c982d3983009c3b35527146f22\">\n                <img\n                    title=\"IMG_9521\"\n                    alt=\"IMG_9521\"\n                    src=\"https:\/\/www.dolni-bousov.cz\/media\/wp-content\/gallery\/vitani-obcanku-david-macek-milan-kumstat-anna-sevcikova-28-3-2026\/thumbs\/thumbs_IMG_9521.jpg\"\n                    width=\"150\"\n                    height=\"150\"\n                    style=\"max-width:100%;\"\n                \/>\n            <\/a>\n        <\/div>\n\t\t\t\t\t\t\t<\/div> \n\t\t\t\n        \n\t\t\t\t<div id=\"ngg-image-31\" class=\"ngg-gallery-thumbnail-box\" >\n\t\t\t\t        <div class=\"ngg-gallery-thumbnail\">\n            <a href=\"https:\/\/www.dolni-bousov.cz\/media\/wp-content\/gallery\/vitani-obcanku-david-macek-milan-kumstat-anna-sevcikova-28-3-2026\/IMG_9523.jpg\"\n               title=\"\"\n               data-src=\"https:\/\/www.dolni-bousov.cz\/media\/wp-content\/gallery\/vitani-obcanku-david-macek-milan-kumstat-anna-sevcikova-28-3-2026\/IMG_9523.jpg\"\n               data-thumbnail=\"https:\/\/www.dolni-bousov.cz\/media\/wp-content\/gallery\/vitani-obcanku-david-macek-milan-kumstat-anna-sevcikova-28-3-2026\/thumbs\/thumbs_IMG_9523.jpg\"\n               data-image-id=\"14474\"\n               data-title=\"IMG_9523\"\n               data-description=\"\"\n               data-image-slug=\"img_9523-2\"\n               class=\"ngg-fancybox\" rel=\"5f1793c982d3983009c3b35527146f22\">\n                <img\n                    title=\"IMG_9523\"\n                    alt=\"IMG_9523\"\n                    src=\"https:\/\/www.dolni-bousov.cz\/media\/wp-content\/gallery\/vitani-obcanku-david-macek-milan-kumstat-anna-sevcikova-28-3-2026\/thumbs\/thumbs_IMG_9523.jpg\"\n                    width=\"150\"\n                    height=\"150\"\n                    style=\"max-width:100%;\"\n                \/>\n            <\/a>\n        <\/div>\n\t\t\t\t\t\t\t<\/div> \n\t\t\t\n        \n\t\t\t\t<div id=\"ngg-image-32\" class=\"ngg-gallery-thumbnail-box\" >\n\t\t\t\t        <div class=\"ngg-gallery-thumbnail\">\n            <a href=\"https:\/\/www.dolni-bousov.cz\/media\/wp-content\/gallery\/vitani-obcanku-david-macek-milan-kumstat-anna-sevcikova-28-3-2026\/IMG_9524.jpg\"\n               title=\"\"\n               data-src=\"https:\/\/www.dolni-bousov.cz\/media\/wp-content\/gallery\/vitani-obcanku-david-macek-milan-kumstat-anna-sevcikova-28-3-2026\/IMG_9524.jpg\"\n               data-thumbnail=\"https:\/\/www.dolni-bousov.cz\/media\/wp-content\/gallery\/vitani-obcanku-david-macek-milan-kumstat-anna-sevcikova-28-3-2026\/thumbs\/thumbs_IMG_9524.jpg\"\n               data-image-id=\"14475\"\n               data-title=\"IMG_9524\"\n               data-description=\"\"\n               data-image-slug=\"img_9524-1\"\n               class=\"ngg-fancybox\" rel=\"5f1793c982d3983009c3b35527146f22\">\n                <img\n                    title=\"IMG_9524\"\n                    alt=\"IMG_9524\"\n                    src=\"https:\/\/www.dolni-bousov.cz\/media\/wp-content\/gallery\/vitani-obcanku-david-macek-milan-kumstat-anna-sevcikova-28-3-2026\/thumbs\/thumbs_IMG_9524.jpg\"\n                    width=\"150\"\n                    height=\"150\"\n                    style=\"max-width:100%;\"\n                \/>\n            <\/a>\n        <\/div>\n\t\t\t\t\t\t\t<\/div> \n\t\t\t\n        \n\t\t\t\t<div id=\"ngg-image-33\" class=\"ngg-gallery-thumbnail-box\" >\n\t\t\t\t        <div class=\"ngg-gallery-thumbnail\">\n            <a href=\"https:\/\/www.dolni-bousov.cz\/media\/wp-content\/gallery\/vitani-obcanku-david-macek-milan-kumstat-anna-sevcikova-28-3-2026\/IMG_9531.jpg\"\n               title=\"\"\n               data-src=\"https:\/\/www.dolni-bousov.cz\/media\/wp-content\/gallery\/vitani-obcanku-david-macek-milan-kumstat-anna-sevcikova-28-3-2026\/IMG_9531.jpg\"\n               data-thumbnail=\"https:\/\/www.dolni-bousov.cz\/media\/wp-content\/gallery\/vitani-obcanku-david-macek-milan-kumstat-anna-sevcikova-28-3-2026\/thumbs\/thumbs_IMG_9531.jpg\"\n               data-image-id=\"14476\"\n               data-title=\"IMG_9531\"\n               data-description=\"\"\n               data-image-slug=\"img_9531-2\"\n               class=\"ngg-fancybox\" rel=\"5f1793c982d3983009c3b35527146f22\">\n                <img\n                    title=\"IMG_9531\"\n                    alt=\"IMG_9531\"\n                    src=\"https:\/\/www.dolni-bousov.cz\/media\/wp-content\/gallery\/vitani-obcanku-david-macek-milan-kumstat-anna-sevcikova-28-3-2026\/thumbs\/thumbs_IMG_9531.jpg\"\n                    width=\"150\"\n                    height=\"150\"\n                    style=\"max-width:100%;\"\n                \/>\n            <\/a>\n        <\/div>\n\t\t\t\t\t\t\t<\/div> \n\t\t\t\n        \n\t\t\t\t<div id=\"ngg-image-34\" class=\"ngg-gallery-thumbnail-box\" >\n\t\t\t\t        <div class=\"ngg-gallery-thumbnail\">\n            <a href=\"https:\/\/www.dolni-bousov.cz\/media\/wp-content\/gallery\/vitani-obcanku-david-macek-milan-kumstat-anna-sevcikova-28-3-2026\/IMG_9534.jpg\"\n               title=\"\"\n               data-src=\"https:\/\/www.dolni-bousov.cz\/media\/wp-content\/gallery\/vitani-obcanku-david-macek-milan-kumstat-anna-sevcikova-28-3-2026\/IMG_9534.jpg\"\n               data-thumbnail=\"https:\/\/www.dolni-bousov.cz\/media\/wp-content\/gallery\/vitani-obcanku-david-macek-milan-kumstat-anna-sevcikova-28-3-2026\/thumbs\/thumbs_IMG_9534.jpg\"\n               data-image-id=\"14477\"\n               data-title=\"IMG_9534\"\n               data-description=\"\"\n               data-image-slug=\"img_9534-2\"\n               class=\"ngg-fancybox\" rel=\"5f1793c982d3983009c3b35527146f22\">\n                <img\n                    title=\"IMG_9534\"\n                    alt=\"IMG_9534\"\n                    src=\"https:\/\/www.dolni-bousov.cz\/media\/wp-content\/gallery\/vitani-obcanku-david-macek-milan-kumstat-anna-sevcikova-28-3-2026\/thumbs\/thumbs_IMG_9534.jpg\"\n                    width=\"150\"\n                    height=\"150\"\n                    style=\"max-width:100%;\"\n                \/>\n            <\/a>\n        <\/div>\n\t\t\t\t\t\t\t<\/div> \n\t\t\t\n        \n\t\t\t\t<div id=\"ngg-image-35\" class=\"ngg-gallery-thumbnail-box\" >\n\t\t\t\t        <div class=\"ngg-gallery-thumbnail\">\n            <a href=\"https:\/\/www.dolni-bousov.cz\/media\/wp-content\/gallery\/vitani-obcanku-david-macek-milan-kumstat-anna-sevcikova-28-3-2026\/IMG_9541.jpg\"\n               title=\"\"\n               data-src=\"https:\/\/www.dolni-bousov.cz\/media\/wp-content\/gallery\/vitani-obcanku-david-macek-milan-kumstat-anna-sevcikova-28-3-2026\/IMG_9541.jpg\"\n               data-thumbnail=\"https:\/\/www.dolni-bousov.cz\/media\/wp-content\/gallery\/vitani-obcanku-david-macek-milan-kumstat-anna-sevcikova-28-3-2026\/thumbs\/thumbs_IMG_9541.jpg\"\n               data-image-id=\"14478\"\n               data-title=\"IMG_9541\"\n               data-description=\"\"\n               data-image-slug=\"img_9541-1\"\n               class=\"ngg-fancybox\" rel=\"5f1793c982d3983009c3b35527146f22\">\n                <img\n                    title=\"IMG_9541\"\n                    alt=\"IMG_9541\"\n                    src=\"https:\/\/www.dolni-bousov.cz\/media\/wp-content\/gallery\/vitani-obcanku-david-macek-milan-kumstat-anna-sevcikova-28-3-2026\/thumbs\/thumbs_IMG_9541.jpg\"\n                    width=\"150\"\n                    height=\"150\"\n                    style=\"max-width:100%;\"\n                \/>\n            <\/a>\n        <\/div>\n\t\t\t\t\t\t\t<\/div> \n\t\t\t\n        \n\t\t\t\t<div id=\"ngg-image-36\" class=\"ngg-gallery-thumbnail-box\" >\n\t\t\t\t        <div class=\"ngg-gallery-thumbnail\">\n            <a href=\"https:\/\/www.dolni-bousov.cz\/media\/wp-content\/gallery\/vitani-obcanku-david-macek-milan-kumstat-anna-sevcikova-28-3-2026\/IMG_9544.jpg\"\n               title=\"\"\n               data-src=\"https:\/\/www.dolni-bousov.cz\/media\/wp-content\/gallery\/vitani-obcanku-david-macek-milan-kumstat-anna-sevcikova-28-3-2026\/IMG_9544.jpg\"\n               data-thumbnail=\"https:\/\/www.dolni-bousov.cz\/media\/wp-content\/gallery\/vitani-obcanku-david-macek-milan-kumstat-anna-sevcikova-28-3-2026\/thumbs\/thumbs_IMG_9544.jpg\"\n               data-image-id=\"14479\"\n               data-title=\"IMG_9544\"\n               data-description=\"\"\n               data-image-slug=\"img_9544-2\"\n               class=\"ngg-fancybox\" rel=\"5f1793c982d3983009c3b35527146f22\">\n                <img\n                    title=\"IMG_9544\"\n                    alt=\"IMG_9544\"\n                    src=\"https:\/\/www.dolni-bousov.cz\/media\/wp-content\/gallery\/vitani-obcanku-david-macek-milan-kumstat-anna-sevcikova-28-3-2026\/thumbs\/thumbs_IMG_9544.jpg\"\n                    width=\"150\"\n                    height=\"150\"\n                    style=\"max-width:100%;\"\n                \/>\n            <\/a>\n        <\/div>\n\t\t\t\t\t\t\t<\/div> \n\t\t\t\n        \n\t\t\t\t<div id=\"ngg-image-37\" class=\"ngg-gallery-thumbnail-box\" >\n\t\t\t\t        <div class=\"ngg-gallery-thumbnail\">\n            <a href=\"https:\/\/www.dolni-bousov.cz\/media\/wp-content\/gallery\/vitani-obcanku-david-macek-milan-kumstat-anna-sevcikova-28-3-2026\/IMG_9547.jpg\"\n               title=\"\"\n               data-src=\"https:\/\/www.dolni-bousov.cz\/media\/wp-content\/gallery\/vitani-obcanku-david-macek-milan-kumstat-anna-sevcikova-28-3-2026\/IMG_9547.jpg\"\n               data-thumbnail=\"https:\/\/www.dolni-bousov.cz\/media\/wp-content\/gallery\/vitani-obcanku-david-macek-milan-kumstat-anna-sevcikova-28-3-2026\/thumbs\/thumbs_IMG_9547.jpg\"\n               data-image-id=\"14480\"\n               data-title=\"IMG_9547\"\n               data-description=\"\"\n               data-image-slug=\"img_9547-2\"\n               class=\"ngg-fancybox\" rel=\"5f1793c982d3983009c3b35527146f22\">\n                <img\n                    title=\"IMG_9547\"\n                    alt=\"IMG_9547\"\n                    src=\"https:\/\/www.dolni-bousov.cz\/media\/wp-content\/gallery\/vitani-obcanku-david-macek-milan-kumstat-anna-sevcikova-28-3-2026\/thumbs\/thumbs_IMG_9547.jpg\"\n                    width=\"150\"\n                    height=\"150\"\n                    style=\"max-width:100%;\"\n                \/>\n            <\/a>\n        <\/div>\n\t\t\t\t\t\t\t<\/div> \n\t\t\t\n        \n\t\t\t\t<div id=\"ngg-image-38\" class=\"ngg-gallery-thumbnail-box\" >\n\t\t\t\t        <div class=\"ngg-gallery-thumbnail\">\n            <a href=\"https:\/\/www.dolni-bousov.cz\/media\/wp-content\/gallery\/vitani-obcanku-david-macek-milan-kumstat-anna-sevcikova-28-3-2026\/IMG_9551.jpg\"\n               title=\"\"\n               data-src=\"https:\/\/www.dolni-bousov.cz\/media\/wp-content\/gallery\/vitani-obcanku-david-macek-milan-kumstat-anna-sevcikova-28-3-2026\/IMG_9551.jpg\"\n               data-thumbnail=\"https:\/\/www.dolni-bousov.cz\/media\/wp-content\/gallery\/vitani-obcanku-david-macek-milan-kumstat-anna-sevcikova-28-3-2026\/thumbs\/thumbs_IMG_9551.jpg\"\n               data-image-id=\"14481\"\n               data-title=\"IMG_9551\"\n               data-description=\"\"\n               data-image-slug=\"img_9551-2\"\n               class=\"ngg-fancybox\" rel=\"5f1793c982d3983009c3b35527146f22\">\n                <img\n                    title=\"IMG_9551\"\n                    alt=\"IMG_9551\"\n                    src=\"https:\/\/www.dolni-bousov.cz\/media\/wp-content\/gallery\/vitani-obcanku-david-macek-milan-kumstat-anna-sevcikova-28-3-2026\/thumbs\/thumbs_IMG_9551.jpg\"\n                    width=\"150\"\n                    height=\"150\"\n                    style=\"max-width:100%;\"\n                \/>\n            <\/a>\n        <\/div>\n\t\t\t\t\t\t\t<\/div> \n\t\t\t\n        \n\t\t\t\t<div id=\"ngg-image-39\" class=\"ngg-gallery-thumbnail-box\" >\n\t\t\t\t        <div class=\"ngg-gallery-thumbnail\">\n            <a href=\"https:\/\/www.dolni-bousov.cz\/media\/wp-content\/gallery\/vitani-obcanku-david-macek-milan-kumstat-anna-sevcikova-28-3-2026\/IMG_9560.jpg\"\n               title=\"\"\n               data-src=\"https:\/\/www.dolni-bousov.cz\/media\/wp-content\/gallery\/vitani-obcanku-david-macek-milan-kumstat-anna-sevcikova-28-3-2026\/IMG_9560.jpg\"\n               data-thumbnail=\"https:\/\/www.dolni-bousov.cz\/media\/wp-content\/gallery\/vitani-obcanku-david-macek-milan-kumstat-anna-sevcikova-28-3-2026\/thumbs\/thumbs_IMG_9560.jpg\"\n               data-image-id=\"14482\"\n               data-title=\"IMG_9560\"\n               data-description=\"\"\n               data-image-slug=\"img_9560-1\"\n               class=\"ngg-fancybox\" rel=\"5f1793c982d3983009c3b35527146f22\">\n                <img\n                    title=\"IMG_9560\"\n                    alt=\"IMG_9560\"\n                    src=\"https:\/\/www.dolni-bousov.cz\/media\/wp-content\/gallery\/vitani-obcanku-david-macek-milan-kumstat-anna-sevcikova-28-3-2026\/thumbs\/thumbs_IMG_9560.jpg\"\n                    width=\"150\"\n                    height=\"150\"\n                    style=\"max-width:100%;\"\n                \/>\n            <\/a>\n        <\/div>\n\t\t\t\t\t\t\t<\/div> \n\t\t\t\n        \n\t\t\t\t<div id=\"ngg-image-40\" class=\"ngg-gallery-thumbnail-box\" >\n\t\t\t\t        <div class=\"ngg-gallery-thumbnail\">\n            <a href=\"https:\/\/www.dolni-bousov.cz\/media\/wp-content\/gallery\/vitani-obcanku-david-macek-milan-kumstat-anna-sevcikova-28-3-2026\/IMG_9565.jpg\"\n               title=\"\"\n               data-src=\"https:\/\/www.dolni-bousov.cz\/media\/wp-content\/gallery\/vitani-obcanku-david-macek-milan-kumstat-anna-sevcikova-28-3-2026\/IMG_9565.jpg\"\n               data-thumbnail=\"https:\/\/www.dolni-bousov.cz\/media\/wp-content\/gallery\/vitani-obcanku-david-macek-milan-kumstat-anna-sevcikova-28-3-2026\/thumbs\/thumbs_IMG_9565.jpg\"\n               data-image-id=\"14483\"\n               data-title=\"IMG_9565\"\n               data-description=\"\"\n               data-image-slug=\"img_9565-2\"\n               class=\"ngg-fancybox\" rel=\"5f1793c982d3983009c3b35527146f22\">\n                <img\n                    title=\"IMG_9565\"\n                    alt=\"IMG_9565\"\n                    src=\"https:\/\/www.dolni-bousov.cz\/media\/wp-content\/gallery\/vitani-obcanku-david-macek-milan-kumstat-anna-sevcikova-28-3-2026\/thumbs\/thumbs_IMG_9565.jpg\"\n                    width=\"150\"\n                    height=\"150\"\n                    style=\"max-width:100%;\"\n                \/>\n            <\/a>\n        <\/div>\n\t\t\t\t\t\t\t<\/div> \n\t\t\t\n        \n\t\t\t\t<div id=\"ngg-image-41\" class=\"ngg-gallery-thumbnail-box\" >\n\t\t\t\t        <div class=\"ngg-gallery-thumbnail\">\n            <a href=\"https:\/\/www.dolni-bousov.cz\/media\/wp-content\/gallery\/vitani-obcanku-david-macek-milan-kumstat-anna-sevcikova-28-3-2026\/IMG_9569.jpg\"\n               title=\"\"\n               data-src=\"https:\/\/www.dolni-bousov.cz\/media\/wp-content\/gallery\/vitani-obcanku-david-macek-milan-kumstat-anna-sevcikova-28-3-2026\/IMG_9569.jpg\"\n               data-thumbnail=\"https:\/\/www.dolni-bousov.cz\/media\/wp-content\/gallery\/vitani-obcanku-david-macek-milan-kumstat-anna-sevcikova-28-3-2026\/thumbs\/thumbs_IMG_9569.jpg\"\n               data-image-id=\"14484\"\n               data-title=\"IMG_9569\"\n               data-description=\"\"\n               data-image-slug=\"img_9569-1\"\n               class=\"ngg-fancybox\" rel=\"5f1793c982d3983009c3b35527146f22\">\n                <img\n                    title=\"IMG_9569\"\n                    alt=\"IMG_9569\"\n                    src=\"https:\/\/www.dolni-bousov.cz\/media\/wp-content\/gallery\/vitani-obcanku-david-macek-milan-kumstat-anna-sevcikova-28-3-2026\/thumbs\/thumbs_IMG_9569.jpg\"\n                    width=\"150\"\n                    height=\"150\"\n                    style=\"max-width:100%;\"\n                \/>\n            <\/a>\n        <\/div>\n\t\t\t\t\t\t\t<\/div> \n\t\t\t\n        \n\t\t\n\t\t<!-- Pagination -->\n\t<div class='ngg-clear'><\/div>\t<\/div>\n\n","protected":false},"excerpt":{"rendered":"","protected":false},"author":1,"featured_media":32082,"comment_status":"closed","ping_status":"closed","sticky":false,"template":"","format":"standard","meta":{"ngg_post_thumbnail":0,"footnotes":""},"categories":[7],"tags":[],"class_list":["post-32038","post","type-post","status-publish","format-standard","has-post-thumbnail","hentry","category-kulturni-a-sportovni-akce"],"_links":{"self":[{"href":"https:\/\/www.dolni-bousov.cz\/media\/wp-json\/wp\/v2\/posts\/32038","targetHints":{"allow":["GET"]}}],"collection":[{"href":"https:\/\/www.dolni-bousov.cz\/media\/wp-json\/wp\/v2\/posts"}],"about":[{"href":"https:\/\/www.dolni-bousov.cz\/media\/wp-json\/wp\/v2\/types\/post"}],"author":[{"embeddable":true,"href":"https:\/\/www.dolni-bousov.cz\/media\/wp-json\/wp\/v2\/users\/1"}],"replies":[{"embeddable":true,"href":"https:\/\/www.dolni-bousov.cz\/media\/wp-json\/wp\/v2\/comments?post=32038"}],"version-history":[{"count":1,"href":"https:\/\/www.dolni-bousov.cz\/media\/wp-json\/wp\/v2\/posts\/32038\/revisions"}],"predecessor-version":[{"id":32083,"href":"https:\/\/www.dolni-bousov.cz\/media\/wp-json\/wp\/v2\/posts\/32038\/revisions\/32083"}],"wp:featuredmedia":[{"embeddable":true,"href":"https:\/\/www.dolni-bousov.cz\/media\/wp-json\/wp\/v2\/media\/32082"}],"wp:attachment":[{"href":"https:\/\/www.dolni-bousov.cz\/media\/wp-json\/wp\/v2\/media?parent=32038"}],"wp:term":[{"taxonomy":"category","embeddable":true,"href":"https:\/\/www.dolni-bousov.cz\/media\/wp-json\/wp\/v2\/categories?post=32038"},{"taxonomy":"post_tag","embeddable":true,"href":"https:\/\/www.dolni-bousov.cz\/media\/wp-json\/wp\/v2\/tags?post=32038"}],"curies":[{"name":"wp","href":"https:\/\/api.w.org\/{rel}","templated":true}]}}