{"id":32084,"date":"2026-03-31T20:13:18","date_gmt":"2026-03-31T20:13:18","guid":{"rendered":"https:\/\/www.dolni-bousov.cz\/media\/?p=32084"},"modified":"2026-03-31T20:13:18","modified_gmt":"2026-03-31T20:13:18","slug":"vitani-obcanku-filip-jedlicka-jan-vlk-richard-kollator-28-3-2026","status":"publish","type":"post","link":"https:\/\/www.dolni-bousov.cz\/media\/vitani-obcanku-filip-jedlicka-jan-vlk-richard-kollator-28-3-2026\/","title":{"rendered":"V\u00edt\u00e1n\u00ed ob\u010d\u00e1nk\u016f &#8211; Filip Jedli\u010dka &#8211; Jan Vlk &#8211; Richard Koll\u00e1tor 28.3.2026"},"content":{"rendered":"<!-- index.php -->\n<div\n\tclass=\"ngg-galleryoverview ngg-ajax-pagination-none\"\n\tid=\"ngg-gallery-c73117b8567f912d5ff99bb61d9917c3-1\">\n\n    \t\t<!-- Thumbnails -->\n\t\t\t\t<div id=\"ngg-image-0\" class=\"ngg-gallery-thumbnail-box\" >\n\t\t\t\t        <div class=\"ngg-gallery-thumbnail\">\n            <a href=\"https:\/\/www.dolni-bousov.cz\/media\/wp-content\/gallery\/vitani-obcanku-filip-jedlicka-jan-vlk-richard-kollator-28-3-2026\/IMG_9305.jpg\"\n               title=\"\"\n               data-src=\"https:\/\/www.dolni-bousov.cz\/media\/wp-content\/gallery\/vitani-obcanku-filip-jedlicka-jan-vlk-richard-kollator-28-3-2026\/IMG_9305.jpg\"\n               data-thumbnail=\"https:\/\/www.dolni-bousov.cz\/media\/wp-content\/gallery\/vitani-obcanku-filip-jedlicka-jan-vlk-richard-kollator-28-3-2026\/thumbs\/thumbs_IMG_9305.jpg\"\n               data-image-id=\"14485\"\n               data-title=\"IMG_9305\"\n               data-description=\"\"\n               data-image-slug=\"img_9305-2\"\n               class=\"ngg-fancybox\" rel=\"c73117b8567f912d5ff99bb61d9917c3\">\n                <img\n                    title=\"IMG_9305\"\n                    alt=\"IMG_9305\"\n                    src=\"https:\/\/www.dolni-bousov.cz\/media\/wp-content\/gallery\/vitani-obcanku-filip-jedlicka-jan-vlk-richard-kollator-28-3-2026\/thumbs\/thumbs_IMG_9305.jpg\"\n                    width=\"150\"\n                    height=\"150\"\n                    style=\"max-width:100%;\"\n                \/>\n            <\/a>\n        <\/div>\n\t\t\t\t\t\t\t<\/div> \n\t\t\t\n        \n\t\t\t\t<div id=\"ngg-image-1\" class=\"ngg-gallery-thumbnail-box\" >\n\t\t\t\t        <div class=\"ngg-gallery-thumbnail\">\n            <a href=\"https:\/\/www.dolni-bousov.cz\/media\/wp-content\/gallery\/vitani-obcanku-filip-jedlicka-jan-vlk-richard-kollator-28-3-2026\/IMG_9348.jpg\"\n               title=\"\"\n               data-src=\"https:\/\/www.dolni-bousov.cz\/media\/wp-content\/gallery\/vitani-obcanku-filip-jedlicka-jan-vlk-richard-kollator-28-3-2026\/IMG_9348.jpg\"\n               data-thumbnail=\"https:\/\/www.dolni-bousov.cz\/media\/wp-content\/gallery\/vitani-obcanku-filip-jedlicka-jan-vlk-richard-kollator-28-3-2026\/thumbs\/thumbs_IMG_9348.jpg\"\n               data-image-id=\"14486\"\n               data-title=\"IMG_9348\"\n               data-description=\"\"\n               data-image-slug=\"img_9348-2\"\n               class=\"ngg-fancybox\" rel=\"c73117b8567f912d5ff99bb61d9917c3\">\n                <img\n                    title=\"IMG_9348\"\n                    alt=\"IMG_9348\"\n                    src=\"https:\/\/www.dolni-bousov.cz\/media\/wp-content\/gallery\/vitani-obcanku-filip-jedlicka-jan-vlk-richard-kollator-28-3-2026\/thumbs\/thumbs_IMG_9348.jpg\"\n                    width=\"150\"\n                    height=\"150\"\n                    style=\"max-width:100%;\"\n                \/>\n            <\/a>\n        <\/div>\n\t\t\t\t\t\t\t<\/div> \n\t\t\t\n        \n\t\t\t\t<div id=\"ngg-image-2\" class=\"ngg-gallery-thumbnail-box\" >\n\t\t\t\t        <div class=\"ngg-gallery-thumbnail\">\n            <a href=\"https:\/\/www.dolni-bousov.cz\/media\/wp-content\/gallery\/vitani-obcanku-filip-jedlicka-jan-vlk-richard-kollator-28-3-2026\/IMG_9349.jpg\"\n               title=\"\"\n               data-src=\"https:\/\/www.dolni-bousov.cz\/media\/wp-content\/gallery\/vitani-obcanku-filip-jedlicka-jan-vlk-richard-kollator-28-3-2026\/IMG_9349.jpg\"\n               data-thumbnail=\"https:\/\/www.dolni-bousov.cz\/media\/wp-content\/gallery\/vitani-obcanku-filip-jedlicka-jan-vlk-richard-kollator-28-3-2026\/thumbs\/thumbs_IMG_9349.jpg\"\n               data-image-id=\"14487\"\n               data-title=\"IMG_9349\"\n               data-description=\"\"\n               data-image-slug=\"img_9349-2\"\n               class=\"ngg-fancybox\" rel=\"c73117b8567f912d5ff99bb61d9917c3\">\n                <img\n                    title=\"IMG_9349\"\n                    alt=\"IMG_9349\"\n                    src=\"https:\/\/www.dolni-bousov.cz\/media\/wp-content\/gallery\/vitani-obcanku-filip-jedlicka-jan-vlk-richard-kollator-28-3-2026\/thumbs\/thumbs_IMG_9349.jpg\"\n                    width=\"150\"\n                    height=\"150\"\n                    style=\"max-width:100%;\"\n                \/>\n            <\/a>\n        <\/div>\n\t\t\t\t\t\t\t<\/div> \n\t\t\t\n        \n\t\t\t\t<div id=\"ngg-image-3\" class=\"ngg-gallery-thumbnail-box\" >\n\t\t\t\t        <div class=\"ngg-gallery-thumbnail\">\n            <a href=\"https:\/\/www.dolni-bousov.cz\/media\/wp-content\/gallery\/vitani-obcanku-filip-jedlicka-jan-vlk-richard-kollator-28-3-2026\/IMG_5386.jpg\"\n               title=\"\"\n               data-src=\"https:\/\/www.dolni-bousov.cz\/media\/wp-content\/gallery\/vitani-obcanku-filip-jedlicka-jan-vlk-richard-kollator-28-3-2026\/IMG_5386.jpg\"\n               data-thumbnail=\"https:\/\/www.dolni-bousov.cz\/media\/wp-content\/gallery\/vitani-obcanku-filip-jedlicka-jan-vlk-richard-kollator-28-3-2026\/thumbs\/thumbs_IMG_5386.jpg\"\n               data-image-id=\"14488\"\n               data-title=\"IMG_5386\"\n               data-description=\"\"\n               data-image-slug=\"img_5386-3\"\n               class=\"ngg-fancybox\" rel=\"c73117b8567f912d5ff99bb61d9917c3\">\n                <img\n                    title=\"IMG_5386\"\n                    alt=\"IMG_5386\"\n                    src=\"https:\/\/www.dolni-bousov.cz\/media\/wp-content\/gallery\/vitani-obcanku-filip-jedlicka-jan-vlk-richard-kollator-28-3-2026\/thumbs\/thumbs_IMG_5386.jpg\"\n                    width=\"150\"\n                    height=\"150\"\n                    style=\"max-width:100%;\"\n                \/>\n            <\/a>\n        <\/div>\n\t\t\t\t\t\t\t<\/div> \n\t\t\t\n        \n\t\t\t\t<div id=\"ngg-image-4\" class=\"ngg-gallery-thumbnail-box\" >\n\t\t\t\t        <div class=\"ngg-gallery-thumbnail\">\n            <a href=\"https:\/\/www.dolni-bousov.cz\/media\/wp-content\/gallery\/vitani-obcanku-filip-jedlicka-jan-vlk-richard-kollator-28-3-2026\/IMG_9312.jpg\"\n               title=\"\"\n               data-src=\"https:\/\/www.dolni-bousov.cz\/media\/wp-content\/gallery\/vitani-obcanku-filip-jedlicka-jan-vlk-richard-kollator-28-3-2026\/IMG_9312.jpg\"\n               data-thumbnail=\"https:\/\/www.dolni-bousov.cz\/media\/wp-content\/gallery\/vitani-obcanku-filip-jedlicka-jan-vlk-richard-kollator-28-3-2026\/thumbs\/thumbs_IMG_9312.jpg\"\n               data-image-id=\"14489\"\n               data-title=\"IMG_9312\"\n               data-description=\"\"\n               data-image-slug=\"img_9312-2\"\n               class=\"ngg-fancybox\" rel=\"c73117b8567f912d5ff99bb61d9917c3\">\n                <img\n                    title=\"IMG_9312\"\n                    alt=\"IMG_9312\"\n                    src=\"https:\/\/www.dolni-bousov.cz\/media\/wp-content\/gallery\/vitani-obcanku-filip-jedlicka-jan-vlk-richard-kollator-28-3-2026\/thumbs\/thumbs_IMG_9312.jpg\"\n                    width=\"150\"\n                    height=\"150\"\n                    style=\"max-width:100%;\"\n                \/>\n            <\/a>\n        <\/div>\n\t\t\t\t\t\t\t<\/div> \n\t\t\t\n        \n\t\t\t\t<div id=\"ngg-image-5\" class=\"ngg-gallery-thumbnail-box\" >\n\t\t\t\t        <div class=\"ngg-gallery-thumbnail\">\n            <a href=\"https:\/\/www.dolni-bousov.cz\/media\/wp-content\/gallery\/vitani-obcanku-filip-jedlicka-jan-vlk-richard-kollator-28-3-2026\/IMG_5391.jpg\"\n               title=\"\"\n               data-src=\"https:\/\/www.dolni-bousov.cz\/media\/wp-content\/gallery\/vitani-obcanku-filip-jedlicka-jan-vlk-richard-kollator-28-3-2026\/IMG_5391.jpg\"\n               data-thumbnail=\"https:\/\/www.dolni-bousov.cz\/media\/wp-content\/gallery\/vitani-obcanku-filip-jedlicka-jan-vlk-richard-kollator-28-3-2026\/thumbs\/thumbs_IMG_5391.jpg\"\n               data-image-id=\"14490\"\n               data-title=\"IMG_5391\"\n               data-description=\"\"\n               data-image-slug=\"img_5391-5\"\n               class=\"ngg-fancybox\" rel=\"c73117b8567f912d5ff99bb61d9917c3\">\n                <img\n                    title=\"IMG_5391\"\n                    alt=\"IMG_5391\"\n                    src=\"https:\/\/www.dolni-bousov.cz\/media\/wp-content\/gallery\/vitani-obcanku-filip-jedlicka-jan-vlk-richard-kollator-28-3-2026\/thumbs\/thumbs_IMG_5391.jpg\"\n                    width=\"150\"\n                    height=\"150\"\n                    style=\"max-width:100%;\"\n                \/>\n            <\/a>\n        <\/div>\n\t\t\t\t\t\t\t<\/div> \n\t\t\t\n        \n\t\t\t\t<div id=\"ngg-image-6\" class=\"ngg-gallery-thumbnail-box\" >\n\t\t\t\t        <div class=\"ngg-gallery-thumbnail\">\n            <a href=\"https:\/\/www.dolni-bousov.cz\/media\/wp-content\/gallery\/vitani-obcanku-filip-jedlicka-jan-vlk-richard-kollator-28-3-2026\/IMG_9575.jpg\"\n               title=\"\"\n               data-src=\"https:\/\/www.dolni-bousov.cz\/media\/wp-content\/gallery\/vitani-obcanku-filip-jedlicka-jan-vlk-richard-kollator-28-3-2026\/IMG_9575.jpg\"\n               data-thumbnail=\"https:\/\/www.dolni-bousov.cz\/media\/wp-content\/gallery\/vitani-obcanku-filip-jedlicka-jan-vlk-richard-kollator-28-3-2026\/thumbs\/thumbs_IMG_9575.jpg\"\n               data-image-id=\"14491\"\n               data-title=\"IMG_9575\"\n               data-description=\"\"\n               data-image-slug=\"img_9575-2\"\n               class=\"ngg-fancybox\" rel=\"c73117b8567f912d5ff99bb61d9917c3\">\n                <img\n                    title=\"IMG_9575\"\n                    alt=\"IMG_9575\"\n                    src=\"https:\/\/www.dolni-bousov.cz\/media\/wp-content\/gallery\/vitani-obcanku-filip-jedlicka-jan-vlk-richard-kollator-28-3-2026\/thumbs\/thumbs_IMG_9575.jpg\"\n                    width=\"150\"\n                    height=\"150\"\n                    style=\"max-width:100%;\"\n                \/>\n            <\/a>\n        <\/div>\n\t\t\t\t\t\t\t<\/div> \n\t\t\t\n        \n\t\t\t\t<div id=\"ngg-image-7\" class=\"ngg-gallery-thumbnail-box\" >\n\t\t\t\t        <div class=\"ngg-gallery-thumbnail\">\n            <a href=\"https:\/\/www.dolni-bousov.cz\/media\/wp-content\/gallery\/vitani-obcanku-filip-jedlicka-jan-vlk-richard-kollator-28-3-2026\/IMG_9587.jpg\"\n               title=\"\"\n               data-src=\"https:\/\/www.dolni-bousov.cz\/media\/wp-content\/gallery\/vitani-obcanku-filip-jedlicka-jan-vlk-richard-kollator-28-3-2026\/IMG_9587.jpg\"\n               data-thumbnail=\"https:\/\/www.dolni-bousov.cz\/media\/wp-content\/gallery\/vitani-obcanku-filip-jedlicka-jan-vlk-richard-kollator-28-3-2026\/thumbs\/thumbs_IMG_9587.jpg\"\n               data-image-id=\"14492\"\n               data-title=\"IMG_9587\"\n               data-description=\"\"\n               data-image-slug=\"img_9587-1\"\n               class=\"ngg-fancybox\" rel=\"c73117b8567f912d5ff99bb61d9917c3\">\n                <img\n                    title=\"IMG_9587\"\n                    alt=\"IMG_9587\"\n                    src=\"https:\/\/www.dolni-bousov.cz\/media\/wp-content\/gallery\/vitani-obcanku-filip-jedlicka-jan-vlk-richard-kollator-28-3-2026\/thumbs\/thumbs_IMG_9587.jpg\"\n                    width=\"150\"\n                    height=\"150\"\n                    style=\"max-width:100%;\"\n                \/>\n            <\/a>\n        <\/div>\n\t\t\t\t\t\t\t<\/div> \n\t\t\t\n        \n\t\t\t\t<div id=\"ngg-image-8\" class=\"ngg-gallery-thumbnail-box\" >\n\t\t\t\t        <div class=\"ngg-gallery-thumbnail\">\n            <a href=\"https:\/\/www.dolni-bousov.cz\/media\/wp-content\/gallery\/vitani-obcanku-filip-jedlicka-jan-vlk-richard-kollator-28-3-2026\/IMG_9591.jpg\"\n               title=\"\"\n               data-src=\"https:\/\/www.dolni-bousov.cz\/media\/wp-content\/gallery\/vitani-obcanku-filip-jedlicka-jan-vlk-richard-kollator-28-3-2026\/IMG_9591.jpg\"\n               data-thumbnail=\"https:\/\/www.dolni-bousov.cz\/media\/wp-content\/gallery\/vitani-obcanku-filip-jedlicka-jan-vlk-richard-kollator-28-3-2026\/thumbs\/thumbs_IMG_9591.jpg\"\n               data-image-id=\"14493\"\n               data-title=\"IMG_9591\"\n               data-description=\"\"\n               data-image-slug=\"img_9591-1\"\n               class=\"ngg-fancybox\" rel=\"c73117b8567f912d5ff99bb61d9917c3\">\n                <img\n                    title=\"IMG_9591\"\n                    alt=\"IMG_9591\"\n                    src=\"https:\/\/www.dolni-bousov.cz\/media\/wp-content\/gallery\/vitani-obcanku-filip-jedlicka-jan-vlk-richard-kollator-28-3-2026\/thumbs\/thumbs_IMG_9591.jpg\"\n                    width=\"150\"\n                    height=\"150\"\n                    style=\"max-width:100%;\"\n                \/>\n            <\/a>\n        <\/div>\n\t\t\t\t\t\t\t<\/div> \n\t\t\t\n        \n\t\t\t\t<div id=\"ngg-image-9\" class=\"ngg-gallery-thumbnail-box\" >\n\t\t\t\t        <div class=\"ngg-gallery-thumbnail\">\n            <a href=\"https:\/\/www.dolni-bousov.cz\/media\/wp-content\/gallery\/vitani-obcanku-filip-jedlicka-jan-vlk-richard-kollator-28-3-2026\/IMG_9581.jpg\"\n               title=\"\"\n               data-src=\"https:\/\/www.dolni-bousov.cz\/media\/wp-content\/gallery\/vitani-obcanku-filip-jedlicka-jan-vlk-richard-kollator-28-3-2026\/IMG_9581.jpg\"\n               data-thumbnail=\"https:\/\/www.dolni-bousov.cz\/media\/wp-content\/gallery\/vitani-obcanku-filip-jedlicka-jan-vlk-richard-kollator-28-3-2026\/thumbs\/thumbs_IMG_9581.jpg\"\n               data-image-id=\"14494\"\n               data-title=\"IMG_9581\"\n               data-description=\"\"\n               data-image-slug=\"img_9581-3\"\n               class=\"ngg-fancybox\" rel=\"c73117b8567f912d5ff99bb61d9917c3\">\n                <img\n                    title=\"IMG_9581\"\n                    alt=\"IMG_9581\"\n                    src=\"https:\/\/www.dolni-bousov.cz\/media\/wp-content\/gallery\/vitani-obcanku-filip-jedlicka-jan-vlk-richard-kollator-28-3-2026\/thumbs\/thumbs_IMG_9581.jpg\"\n                    width=\"150\"\n                    height=\"150\"\n                    style=\"max-width:100%;\"\n                \/>\n            <\/a>\n        <\/div>\n\t\t\t\t\t\t\t<\/div> \n\t\t\t\n        \n\t\t\t\t<div id=\"ngg-image-10\" class=\"ngg-gallery-thumbnail-box\" >\n\t\t\t\t        <div class=\"ngg-gallery-thumbnail\">\n            <a href=\"https:\/\/www.dolni-bousov.cz\/media\/wp-content\/gallery\/vitani-obcanku-filip-jedlicka-jan-vlk-richard-kollator-28-3-2026\/IMG_9578.jpg\"\n               title=\"\"\n               data-src=\"https:\/\/www.dolni-bousov.cz\/media\/wp-content\/gallery\/vitani-obcanku-filip-jedlicka-jan-vlk-richard-kollator-28-3-2026\/IMG_9578.jpg\"\n               data-thumbnail=\"https:\/\/www.dolni-bousov.cz\/media\/wp-content\/gallery\/vitani-obcanku-filip-jedlicka-jan-vlk-richard-kollator-28-3-2026\/thumbs\/thumbs_IMG_9578.jpg\"\n               data-image-id=\"14495\"\n               data-title=\"IMG_9578\"\n               data-description=\"\"\n               data-image-slug=\"img_9578-2\"\n               class=\"ngg-fancybox\" rel=\"c73117b8567f912d5ff99bb61d9917c3\">\n                <img\n                    title=\"IMG_9578\"\n                    alt=\"IMG_9578\"\n                    src=\"https:\/\/www.dolni-bousov.cz\/media\/wp-content\/gallery\/vitani-obcanku-filip-jedlicka-jan-vlk-richard-kollator-28-3-2026\/thumbs\/thumbs_IMG_9578.jpg\"\n                    width=\"150\"\n                    height=\"150\"\n                    style=\"max-width:100%;\"\n                \/>\n            <\/a>\n        <\/div>\n\t\t\t\t\t\t\t<\/div> \n\t\t\t\n        \n\t\t\t\t<div id=\"ngg-image-11\" class=\"ngg-gallery-thumbnail-box\" >\n\t\t\t\t        <div class=\"ngg-gallery-thumbnail\">\n            <a href=\"https:\/\/www.dolni-bousov.cz\/media\/wp-content\/gallery\/vitani-obcanku-filip-jedlicka-jan-vlk-richard-kollator-28-3-2026\/IMG_9595.jpg\"\n               title=\"\"\n               data-src=\"https:\/\/www.dolni-bousov.cz\/media\/wp-content\/gallery\/vitani-obcanku-filip-jedlicka-jan-vlk-richard-kollator-28-3-2026\/IMG_9595.jpg\"\n               data-thumbnail=\"https:\/\/www.dolni-bousov.cz\/media\/wp-content\/gallery\/vitani-obcanku-filip-jedlicka-jan-vlk-richard-kollator-28-3-2026\/thumbs\/thumbs_IMG_9595.jpg\"\n               data-image-id=\"14496\"\n               data-title=\"IMG_9595\"\n               data-description=\"\"\n               data-image-slug=\"img_9595-1\"\n               class=\"ngg-fancybox\" rel=\"c73117b8567f912d5ff99bb61d9917c3\">\n                <img\n                    title=\"IMG_9595\"\n                    alt=\"IMG_9595\"\n                    src=\"https:\/\/www.dolni-bousov.cz\/media\/wp-content\/gallery\/vitani-obcanku-filip-jedlicka-jan-vlk-richard-kollator-28-3-2026\/thumbs\/thumbs_IMG_9595.jpg\"\n                    width=\"150\"\n                    height=\"150\"\n                    style=\"max-width:100%;\"\n                \/>\n            <\/a>\n        <\/div>\n\t\t\t\t\t\t\t<\/div> \n\t\t\t\n        \n\t\t\t\t<div id=\"ngg-image-12\" class=\"ngg-gallery-thumbnail-box\" >\n\t\t\t\t        <div class=\"ngg-gallery-thumbnail\">\n            <a href=\"https:\/\/www.dolni-bousov.cz\/media\/wp-content\/gallery\/vitani-obcanku-filip-jedlicka-jan-vlk-richard-kollator-28-3-2026\/IMG_9593.jpg\"\n               title=\"\"\n               data-src=\"https:\/\/www.dolni-bousov.cz\/media\/wp-content\/gallery\/vitani-obcanku-filip-jedlicka-jan-vlk-richard-kollator-28-3-2026\/IMG_9593.jpg\"\n               data-thumbnail=\"https:\/\/www.dolni-bousov.cz\/media\/wp-content\/gallery\/vitani-obcanku-filip-jedlicka-jan-vlk-richard-kollator-28-3-2026\/thumbs\/thumbs_IMG_9593.jpg\"\n               data-image-id=\"14497\"\n               data-title=\"IMG_9593\"\n               data-description=\"\"\n               data-image-slug=\"img_9593\"\n               class=\"ngg-fancybox\" rel=\"c73117b8567f912d5ff99bb61d9917c3\">\n                <img\n                    title=\"IMG_9593\"\n                    alt=\"IMG_9593\"\n                    src=\"https:\/\/www.dolni-bousov.cz\/media\/wp-content\/gallery\/vitani-obcanku-filip-jedlicka-jan-vlk-richard-kollator-28-3-2026\/thumbs\/thumbs_IMG_9593.jpg\"\n                    width=\"150\"\n                    height=\"150\"\n                    style=\"max-width:100%;\"\n                \/>\n            <\/a>\n        <\/div>\n\t\t\t\t\t\t\t<\/div> \n\t\t\t\n        \n\t\t\t\t<div id=\"ngg-image-13\" class=\"ngg-gallery-thumbnail-box\" >\n\t\t\t\t        <div class=\"ngg-gallery-thumbnail\">\n            <a href=\"https:\/\/www.dolni-bousov.cz\/media\/wp-content\/gallery\/vitani-obcanku-filip-jedlicka-jan-vlk-richard-kollator-28-3-2026\/IMG_9598.jpg\"\n               title=\"\"\n               data-src=\"https:\/\/www.dolni-bousov.cz\/media\/wp-content\/gallery\/vitani-obcanku-filip-jedlicka-jan-vlk-richard-kollator-28-3-2026\/IMG_9598.jpg\"\n               data-thumbnail=\"https:\/\/www.dolni-bousov.cz\/media\/wp-content\/gallery\/vitani-obcanku-filip-jedlicka-jan-vlk-richard-kollator-28-3-2026\/thumbs\/thumbs_IMG_9598.jpg\"\n               data-image-id=\"14498\"\n               data-title=\"IMG_9598\"\n               data-description=\"\"\n               data-image-slug=\"img_9598-1\"\n               class=\"ngg-fancybox\" rel=\"c73117b8567f912d5ff99bb61d9917c3\">\n                <img\n                    title=\"IMG_9598\"\n                    alt=\"IMG_9598\"\n                    src=\"https:\/\/www.dolni-bousov.cz\/media\/wp-content\/gallery\/vitani-obcanku-filip-jedlicka-jan-vlk-richard-kollator-28-3-2026\/thumbs\/thumbs_IMG_9598.jpg\"\n                    width=\"150\"\n                    height=\"150\"\n                    style=\"max-width:100%;\"\n                \/>\n            <\/a>\n        <\/div>\n\t\t\t\t\t\t\t<\/div> \n\t\t\t\n        \n\t\t\t\t<div id=\"ngg-image-14\" class=\"ngg-gallery-thumbnail-box\" >\n\t\t\t\t        <div class=\"ngg-gallery-thumbnail\">\n            <a href=\"https:\/\/www.dolni-bousov.cz\/media\/wp-content\/gallery\/vitani-obcanku-filip-jedlicka-jan-vlk-richard-kollator-28-3-2026\/IMG_9600.jpg\"\n               title=\"\"\n               data-src=\"https:\/\/www.dolni-bousov.cz\/media\/wp-content\/gallery\/vitani-obcanku-filip-jedlicka-jan-vlk-richard-kollator-28-3-2026\/IMG_9600.jpg\"\n               data-thumbnail=\"https:\/\/www.dolni-bousov.cz\/media\/wp-content\/gallery\/vitani-obcanku-filip-jedlicka-jan-vlk-richard-kollator-28-3-2026\/thumbs\/thumbs_IMG_9600.jpg\"\n               data-image-id=\"14499\"\n               data-title=\"IMG_9600\"\n               data-description=\"\"\n               data-image-slug=\"img_9600\"\n               class=\"ngg-fancybox\" rel=\"c73117b8567f912d5ff99bb61d9917c3\">\n                <img\n                    title=\"IMG_9600\"\n                    alt=\"IMG_9600\"\n                    src=\"https:\/\/www.dolni-bousov.cz\/media\/wp-content\/gallery\/vitani-obcanku-filip-jedlicka-jan-vlk-richard-kollator-28-3-2026\/thumbs\/thumbs_IMG_9600.jpg\"\n                    width=\"150\"\n                    height=\"150\"\n                    style=\"max-width:100%;\"\n                \/>\n            <\/a>\n        <\/div>\n\t\t\t\t\t\t\t<\/div> \n\t\t\t\n        \n\t\t\t\t<div id=\"ngg-image-15\" class=\"ngg-gallery-thumbnail-box\" >\n\t\t\t\t        <div class=\"ngg-gallery-thumbnail\">\n            <a href=\"https:\/\/www.dolni-bousov.cz\/media\/wp-content\/gallery\/vitani-obcanku-filip-jedlicka-jan-vlk-richard-kollator-28-3-2026\/IMG_9602.jpg\"\n               title=\"\"\n               data-src=\"https:\/\/www.dolni-bousov.cz\/media\/wp-content\/gallery\/vitani-obcanku-filip-jedlicka-jan-vlk-richard-kollator-28-3-2026\/IMG_9602.jpg\"\n               data-thumbnail=\"https:\/\/www.dolni-bousov.cz\/media\/wp-content\/gallery\/vitani-obcanku-filip-jedlicka-jan-vlk-richard-kollator-28-3-2026\/thumbs\/thumbs_IMG_9602.jpg\"\n               data-image-id=\"14500\"\n               data-title=\"IMG_9602\"\n               data-description=\"\"\n               data-image-slug=\"img_9602-2\"\n               class=\"ngg-fancybox\" rel=\"c73117b8567f912d5ff99bb61d9917c3\">\n                <img\n                    title=\"IMG_9602\"\n                    alt=\"IMG_9602\"\n                    src=\"https:\/\/www.dolni-bousov.cz\/media\/wp-content\/gallery\/vitani-obcanku-filip-jedlicka-jan-vlk-richard-kollator-28-3-2026\/thumbs\/thumbs_IMG_9602.jpg\"\n                    width=\"150\"\n                    height=\"150\"\n                    style=\"max-width:100%;\"\n                \/>\n            <\/a>\n        <\/div>\n\t\t\t\t\t\t\t<\/div> \n\t\t\t\n        \n\t\t\t\t<div id=\"ngg-image-16\" class=\"ngg-gallery-thumbnail-box\" >\n\t\t\t\t        <div class=\"ngg-gallery-thumbnail\">\n            <a href=\"https:\/\/www.dolni-bousov.cz\/media\/wp-content\/gallery\/vitani-obcanku-filip-jedlicka-jan-vlk-richard-kollator-28-3-2026\/IMG_9603.jpg\"\n               title=\"\"\n               data-src=\"https:\/\/www.dolni-bousov.cz\/media\/wp-content\/gallery\/vitani-obcanku-filip-jedlicka-jan-vlk-richard-kollator-28-3-2026\/IMG_9603.jpg\"\n               data-thumbnail=\"https:\/\/www.dolni-bousov.cz\/media\/wp-content\/gallery\/vitani-obcanku-filip-jedlicka-jan-vlk-richard-kollator-28-3-2026\/thumbs\/thumbs_IMG_9603.jpg\"\n               data-image-id=\"14501\"\n               data-title=\"IMG_9603\"\n               data-description=\"\"\n               data-image-slug=\"img_9603\"\n               class=\"ngg-fancybox\" rel=\"c73117b8567f912d5ff99bb61d9917c3\">\n                <img\n                    title=\"IMG_9603\"\n                    alt=\"IMG_9603\"\n                    src=\"https:\/\/www.dolni-bousov.cz\/media\/wp-content\/gallery\/vitani-obcanku-filip-jedlicka-jan-vlk-richard-kollator-28-3-2026\/thumbs\/thumbs_IMG_9603.jpg\"\n                    width=\"150\"\n                    height=\"150\"\n                    style=\"max-width:100%;\"\n                \/>\n            <\/a>\n        <\/div>\n\t\t\t\t\t\t\t<\/div> \n\t\t\t\n        \n\t\t\t\t<div id=\"ngg-image-17\" class=\"ngg-gallery-thumbnail-box\" >\n\t\t\t\t        <div class=\"ngg-gallery-thumbnail\">\n            <a href=\"https:\/\/www.dolni-bousov.cz\/media\/wp-content\/gallery\/vitani-obcanku-filip-jedlicka-jan-vlk-richard-kollator-28-3-2026\/IMG_9606.jpg\"\n               title=\"\"\n               data-src=\"https:\/\/www.dolni-bousov.cz\/media\/wp-content\/gallery\/vitani-obcanku-filip-jedlicka-jan-vlk-richard-kollator-28-3-2026\/IMG_9606.jpg\"\n               data-thumbnail=\"https:\/\/www.dolni-bousov.cz\/media\/wp-content\/gallery\/vitani-obcanku-filip-jedlicka-jan-vlk-richard-kollator-28-3-2026\/thumbs\/thumbs_IMG_9606.jpg\"\n               data-image-id=\"14502\"\n               data-title=\"IMG_9606\"\n               data-description=\"\"\n               data-image-slug=\"img_9606\"\n               class=\"ngg-fancybox\" rel=\"c73117b8567f912d5ff99bb61d9917c3\">\n                <img\n                    title=\"IMG_9606\"\n                    alt=\"IMG_9606\"\n                    src=\"https:\/\/www.dolni-bousov.cz\/media\/wp-content\/gallery\/vitani-obcanku-filip-jedlicka-jan-vlk-richard-kollator-28-3-2026\/thumbs\/thumbs_IMG_9606.jpg\"\n                    width=\"150\"\n                    height=\"150\"\n                    style=\"max-width:100%;\"\n                \/>\n            <\/a>\n        <\/div>\n\t\t\t\t\t\t\t<\/div> \n\t\t\t\n        \n\t\t\t\t<div id=\"ngg-image-18\" class=\"ngg-gallery-thumbnail-box\" >\n\t\t\t\t        <div class=\"ngg-gallery-thumbnail\">\n            <a href=\"https:\/\/www.dolni-bousov.cz\/media\/wp-content\/gallery\/vitani-obcanku-filip-jedlicka-jan-vlk-richard-kollator-28-3-2026\/IMG_9607.jpg\"\n               title=\"\"\n               data-src=\"https:\/\/www.dolni-bousov.cz\/media\/wp-content\/gallery\/vitani-obcanku-filip-jedlicka-jan-vlk-richard-kollator-28-3-2026\/IMG_9607.jpg\"\n               data-thumbnail=\"https:\/\/www.dolni-bousov.cz\/media\/wp-content\/gallery\/vitani-obcanku-filip-jedlicka-jan-vlk-richard-kollator-28-3-2026\/thumbs\/thumbs_IMG_9607.jpg\"\n               data-image-id=\"14503\"\n               data-title=\"IMG_9607\"\n               data-description=\"\"\n               data-image-slug=\"img_9607-1\"\n               class=\"ngg-fancybox\" rel=\"c73117b8567f912d5ff99bb61d9917c3\">\n                <img\n                    title=\"IMG_9607\"\n                    alt=\"IMG_9607\"\n                    src=\"https:\/\/www.dolni-bousov.cz\/media\/wp-content\/gallery\/vitani-obcanku-filip-jedlicka-jan-vlk-richard-kollator-28-3-2026\/thumbs\/thumbs_IMG_9607.jpg\"\n                    width=\"150\"\n                    height=\"150\"\n                    style=\"max-width:100%;\"\n                \/>\n            <\/a>\n        <\/div>\n\t\t\t\t\t\t\t<\/div> \n\t\t\t\n        \n\t\t\t\t<div id=\"ngg-image-19\" class=\"ngg-gallery-thumbnail-box\" >\n\t\t\t\t        <div class=\"ngg-gallery-thumbnail\">\n            <a href=\"https:\/\/www.dolni-bousov.cz\/media\/wp-content\/gallery\/vitani-obcanku-filip-jedlicka-jan-vlk-richard-kollator-28-3-2026\/IMG_9611.jpg\"\n               title=\"\"\n               data-src=\"https:\/\/www.dolni-bousov.cz\/media\/wp-content\/gallery\/vitani-obcanku-filip-jedlicka-jan-vlk-richard-kollator-28-3-2026\/IMG_9611.jpg\"\n               data-thumbnail=\"https:\/\/www.dolni-bousov.cz\/media\/wp-content\/gallery\/vitani-obcanku-filip-jedlicka-jan-vlk-richard-kollator-28-3-2026\/thumbs\/thumbs_IMG_9611.jpg\"\n               data-image-id=\"14504\"\n               data-title=\"IMG_9611\"\n               data-description=\"\"\n               data-image-slug=\"img_9611-1\"\n               class=\"ngg-fancybox\" rel=\"c73117b8567f912d5ff99bb61d9917c3\">\n                <img\n                    title=\"IMG_9611\"\n                    alt=\"IMG_9611\"\n                    src=\"https:\/\/www.dolni-bousov.cz\/media\/wp-content\/gallery\/vitani-obcanku-filip-jedlicka-jan-vlk-richard-kollator-28-3-2026\/thumbs\/thumbs_IMG_9611.jpg\"\n                    width=\"150\"\n                    height=\"150\"\n                    style=\"max-width:100%;\"\n                \/>\n            <\/a>\n        <\/div>\n\t\t\t\t\t\t\t<\/div> \n\t\t\t\n        \n\t\t\t\t<div id=\"ngg-image-20\" class=\"ngg-gallery-thumbnail-box\" >\n\t\t\t\t        <div class=\"ngg-gallery-thumbnail\">\n            <a href=\"https:\/\/www.dolni-bousov.cz\/media\/wp-content\/gallery\/vitani-obcanku-filip-jedlicka-jan-vlk-richard-kollator-28-3-2026\/IMG_9609.jpg\"\n               title=\"\"\n               data-src=\"https:\/\/www.dolni-bousov.cz\/media\/wp-content\/gallery\/vitani-obcanku-filip-jedlicka-jan-vlk-richard-kollator-28-3-2026\/IMG_9609.jpg\"\n               data-thumbnail=\"https:\/\/www.dolni-bousov.cz\/media\/wp-content\/gallery\/vitani-obcanku-filip-jedlicka-jan-vlk-richard-kollator-28-3-2026\/thumbs\/thumbs_IMG_9609.jpg\"\n               data-image-id=\"14505\"\n               data-title=\"IMG_9609\"\n               data-description=\"\"\n               data-image-slug=\"img_9609\"\n               class=\"ngg-fancybox\" rel=\"c73117b8567f912d5ff99bb61d9917c3\">\n                <img\n                    title=\"IMG_9609\"\n                    alt=\"IMG_9609\"\n                    src=\"https:\/\/www.dolni-bousov.cz\/media\/wp-content\/gallery\/vitani-obcanku-filip-jedlicka-jan-vlk-richard-kollator-28-3-2026\/thumbs\/thumbs_IMG_9609.jpg\"\n                    width=\"150\"\n                    height=\"150\"\n                    style=\"max-width:100%;\"\n                \/>\n            <\/a>\n        <\/div>\n\t\t\t\t\t\t\t<\/div> \n\t\t\t\n        \n\t\t\t\t<div id=\"ngg-image-21\" class=\"ngg-gallery-thumbnail-box\" >\n\t\t\t\t        <div class=\"ngg-gallery-thumbnail\">\n            <a href=\"https:\/\/www.dolni-bousov.cz\/media\/wp-content\/gallery\/vitani-obcanku-filip-jedlicka-jan-vlk-richard-kollator-28-3-2026\/IMG_9616.jpg\"\n               title=\"\"\n               data-src=\"https:\/\/www.dolni-bousov.cz\/media\/wp-content\/gallery\/vitani-obcanku-filip-jedlicka-jan-vlk-richard-kollator-28-3-2026\/IMG_9616.jpg\"\n               data-thumbnail=\"https:\/\/www.dolni-bousov.cz\/media\/wp-content\/gallery\/vitani-obcanku-filip-jedlicka-jan-vlk-richard-kollator-28-3-2026\/thumbs\/thumbs_IMG_9616.jpg\"\n               data-image-id=\"14506\"\n               data-title=\"IMG_9616\"\n               data-description=\"\"\n               data-image-slug=\"img_9616\"\n               class=\"ngg-fancybox\" rel=\"c73117b8567f912d5ff99bb61d9917c3\">\n                <img\n                    title=\"IMG_9616\"\n                    alt=\"IMG_9616\"\n                    src=\"https:\/\/www.dolni-bousov.cz\/media\/wp-content\/gallery\/vitani-obcanku-filip-jedlicka-jan-vlk-richard-kollator-28-3-2026\/thumbs\/thumbs_IMG_9616.jpg\"\n                    width=\"150\"\n                    height=\"150\"\n                    style=\"max-width:100%;\"\n                \/>\n            <\/a>\n        <\/div>\n\t\t\t\t\t\t\t<\/div> \n\t\t\t\n        \n\t\t\t\t<div id=\"ngg-image-22\" class=\"ngg-gallery-thumbnail-box\" >\n\t\t\t\t        <div class=\"ngg-gallery-thumbnail\">\n            <a href=\"https:\/\/www.dolni-bousov.cz\/media\/wp-content\/gallery\/vitani-obcanku-filip-jedlicka-jan-vlk-richard-kollator-28-3-2026\/IMG_9615.jpg\"\n               title=\"\"\n               data-src=\"https:\/\/www.dolni-bousov.cz\/media\/wp-content\/gallery\/vitani-obcanku-filip-jedlicka-jan-vlk-richard-kollator-28-3-2026\/IMG_9615.jpg\"\n               data-thumbnail=\"https:\/\/www.dolni-bousov.cz\/media\/wp-content\/gallery\/vitani-obcanku-filip-jedlicka-jan-vlk-richard-kollator-28-3-2026\/thumbs\/thumbs_IMG_9615.jpg\"\n               data-image-id=\"14507\"\n               data-title=\"IMG_9615\"\n               data-description=\"\"\n               data-image-slug=\"img_9615\"\n               class=\"ngg-fancybox\" rel=\"c73117b8567f912d5ff99bb61d9917c3\">\n                <img\n                    title=\"IMG_9615\"\n                    alt=\"IMG_9615\"\n                    src=\"https:\/\/www.dolni-bousov.cz\/media\/wp-content\/gallery\/vitani-obcanku-filip-jedlicka-jan-vlk-richard-kollator-28-3-2026\/thumbs\/thumbs_IMG_9615.jpg\"\n                    width=\"150\"\n                    height=\"150\"\n                    style=\"max-width:100%;\"\n                \/>\n            <\/a>\n        <\/div>\n\t\t\t\t\t\t\t<\/div> \n\t\t\t\n        \n\t\t\t\t<div id=\"ngg-image-23\" class=\"ngg-gallery-thumbnail-box\" >\n\t\t\t\t        <div class=\"ngg-gallery-thumbnail\">\n            <a href=\"https:\/\/www.dolni-bousov.cz\/media\/wp-content\/gallery\/vitani-obcanku-filip-jedlicka-jan-vlk-richard-kollator-28-3-2026\/IMG_9619.jpg\"\n               title=\"\"\n               data-src=\"https:\/\/www.dolni-bousov.cz\/media\/wp-content\/gallery\/vitani-obcanku-filip-jedlicka-jan-vlk-richard-kollator-28-3-2026\/IMG_9619.jpg\"\n               data-thumbnail=\"https:\/\/www.dolni-bousov.cz\/media\/wp-content\/gallery\/vitani-obcanku-filip-jedlicka-jan-vlk-richard-kollator-28-3-2026\/thumbs\/thumbs_IMG_9619.jpg\"\n               data-image-id=\"14508\"\n               data-title=\"IMG_9619\"\n               data-description=\"\"\n               data-image-slug=\"img_9619-1\"\n               class=\"ngg-fancybox\" rel=\"c73117b8567f912d5ff99bb61d9917c3\">\n                <img\n                    title=\"IMG_9619\"\n                    alt=\"IMG_9619\"\n                    src=\"https:\/\/www.dolni-bousov.cz\/media\/wp-content\/gallery\/vitani-obcanku-filip-jedlicka-jan-vlk-richard-kollator-28-3-2026\/thumbs\/thumbs_IMG_9619.jpg\"\n                    width=\"150\"\n                    height=\"150\"\n                    style=\"max-width:100%;\"\n                \/>\n            <\/a>\n        <\/div>\n\t\t\t\t\t\t\t<\/div> \n\t\t\t\n        \n\t\t\t\t<div id=\"ngg-image-24\" class=\"ngg-gallery-thumbnail-box\" >\n\t\t\t\t        <div class=\"ngg-gallery-thumbnail\">\n            <a href=\"https:\/\/www.dolni-bousov.cz\/media\/wp-content\/gallery\/vitani-obcanku-filip-jedlicka-jan-vlk-richard-kollator-28-3-2026\/IMG_9620.jpg\"\n               title=\"\"\n               data-src=\"https:\/\/www.dolni-bousov.cz\/media\/wp-content\/gallery\/vitani-obcanku-filip-jedlicka-jan-vlk-richard-kollator-28-3-2026\/IMG_9620.jpg\"\n               data-thumbnail=\"https:\/\/www.dolni-bousov.cz\/media\/wp-content\/gallery\/vitani-obcanku-filip-jedlicka-jan-vlk-richard-kollator-28-3-2026\/thumbs\/thumbs_IMG_9620.jpg\"\n               data-image-id=\"14509\"\n               data-title=\"IMG_9620\"\n               data-description=\"\"\n               data-image-slug=\"img_9620\"\n               class=\"ngg-fancybox\" rel=\"c73117b8567f912d5ff99bb61d9917c3\">\n                <img\n                    title=\"IMG_9620\"\n                    alt=\"IMG_9620\"\n                    src=\"https:\/\/www.dolni-bousov.cz\/media\/wp-content\/gallery\/vitani-obcanku-filip-jedlicka-jan-vlk-richard-kollator-28-3-2026\/thumbs\/thumbs_IMG_9620.jpg\"\n                    width=\"150\"\n                    height=\"150\"\n                    style=\"max-width:100%;\"\n                \/>\n            <\/a>\n        <\/div>\n\t\t\t\t\t\t\t<\/div> \n\t\t\t\n        \n\t\t\t\t<div id=\"ngg-image-25\" class=\"ngg-gallery-thumbnail-box\" >\n\t\t\t\t        <div class=\"ngg-gallery-thumbnail\">\n            <a href=\"https:\/\/www.dolni-bousov.cz\/media\/wp-content\/gallery\/vitani-obcanku-filip-jedlicka-jan-vlk-richard-kollator-28-3-2026\/IMG_9623.jpg\"\n               title=\"\"\n               data-src=\"https:\/\/www.dolni-bousov.cz\/media\/wp-content\/gallery\/vitani-obcanku-filip-jedlicka-jan-vlk-richard-kollator-28-3-2026\/IMG_9623.jpg\"\n               data-thumbnail=\"https:\/\/www.dolni-bousov.cz\/media\/wp-content\/gallery\/vitani-obcanku-filip-jedlicka-jan-vlk-richard-kollator-28-3-2026\/thumbs\/thumbs_IMG_9623.jpg\"\n               data-image-id=\"14510\"\n               data-title=\"IMG_9623\"\n               data-description=\"\"\n               data-image-slug=\"img_9623-2\"\n               class=\"ngg-fancybox\" rel=\"c73117b8567f912d5ff99bb61d9917c3\">\n                <img\n                    title=\"IMG_9623\"\n                    alt=\"IMG_9623\"\n                    src=\"https:\/\/www.dolni-bousov.cz\/media\/wp-content\/gallery\/vitani-obcanku-filip-jedlicka-jan-vlk-richard-kollator-28-3-2026\/thumbs\/thumbs_IMG_9623.jpg\"\n                    width=\"150\"\n                    height=\"150\"\n                    style=\"max-width:100%;\"\n                \/>\n            <\/a>\n        <\/div>\n\t\t\t\t\t\t\t<\/div> \n\t\t\t\n        \n\t\t\t\t<div id=\"ngg-image-26\" class=\"ngg-gallery-thumbnail-box\" >\n\t\t\t\t        <div class=\"ngg-gallery-thumbnail\">\n            <a href=\"https:\/\/www.dolni-bousov.cz\/media\/wp-content\/gallery\/vitani-obcanku-filip-jedlicka-jan-vlk-richard-kollator-28-3-2026\/IMG_9625.jpg\"\n               title=\"\"\n               data-src=\"https:\/\/www.dolni-bousov.cz\/media\/wp-content\/gallery\/vitani-obcanku-filip-jedlicka-jan-vlk-richard-kollator-28-3-2026\/IMG_9625.jpg\"\n               data-thumbnail=\"https:\/\/www.dolni-bousov.cz\/media\/wp-content\/gallery\/vitani-obcanku-filip-jedlicka-jan-vlk-richard-kollator-28-3-2026\/thumbs\/thumbs_IMG_9625.jpg\"\n               data-image-id=\"14511\"\n               data-title=\"IMG_9625\"\n               data-description=\"\"\n               data-image-slug=\"img_9625-1\"\n               class=\"ngg-fancybox\" rel=\"c73117b8567f912d5ff99bb61d9917c3\">\n                <img\n                    title=\"IMG_9625\"\n                    alt=\"IMG_9625\"\n                    src=\"https:\/\/www.dolni-bousov.cz\/media\/wp-content\/gallery\/vitani-obcanku-filip-jedlicka-jan-vlk-richard-kollator-28-3-2026\/thumbs\/thumbs_IMG_9625.jpg\"\n                    width=\"150\"\n                    height=\"150\"\n                    style=\"max-width:100%;\"\n                \/>\n            <\/a>\n        <\/div>\n\t\t\t\t\t\t\t<\/div> \n\t\t\t\n        \n\t\t\t\t<div id=\"ngg-image-27\" class=\"ngg-gallery-thumbnail-box\" >\n\t\t\t\t        <div class=\"ngg-gallery-thumbnail\">\n            <a href=\"https:\/\/www.dolni-bousov.cz\/media\/wp-content\/gallery\/vitani-obcanku-filip-jedlicka-jan-vlk-richard-kollator-28-3-2026\/IMG_9626.jpg\"\n               title=\"\"\n               data-src=\"https:\/\/www.dolni-bousov.cz\/media\/wp-content\/gallery\/vitani-obcanku-filip-jedlicka-jan-vlk-richard-kollator-28-3-2026\/IMG_9626.jpg\"\n               data-thumbnail=\"https:\/\/www.dolni-bousov.cz\/media\/wp-content\/gallery\/vitani-obcanku-filip-jedlicka-jan-vlk-richard-kollator-28-3-2026\/thumbs\/thumbs_IMG_9626.jpg\"\n               data-image-id=\"14512\"\n               data-title=\"IMG_9626\"\n               data-description=\"\"\n               data-image-slug=\"img_9626-1\"\n               class=\"ngg-fancybox\" rel=\"c73117b8567f912d5ff99bb61d9917c3\">\n                <img\n                    title=\"IMG_9626\"\n                    alt=\"IMG_9626\"\n                    src=\"https:\/\/www.dolni-bousov.cz\/media\/wp-content\/gallery\/vitani-obcanku-filip-jedlicka-jan-vlk-richard-kollator-28-3-2026\/thumbs\/thumbs_IMG_9626.jpg\"\n                    width=\"150\"\n                    height=\"150\"\n                    style=\"max-width:100%;\"\n                \/>\n            <\/a>\n        <\/div>\n\t\t\t\t\t\t\t<\/div> \n\t\t\t\n        \n\t\t\t\t<div id=\"ngg-image-28\" class=\"ngg-gallery-thumbnail-box\" >\n\t\t\t\t        <div class=\"ngg-gallery-thumbnail\">\n            <a href=\"https:\/\/www.dolni-bousov.cz\/media\/wp-content\/gallery\/vitani-obcanku-filip-jedlicka-jan-vlk-richard-kollator-28-3-2026\/IMG_9628.jpg\"\n               title=\"\"\n               data-src=\"https:\/\/www.dolni-bousov.cz\/media\/wp-content\/gallery\/vitani-obcanku-filip-jedlicka-jan-vlk-richard-kollator-28-3-2026\/IMG_9628.jpg\"\n               data-thumbnail=\"https:\/\/www.dolni-bousov.cz\/media\/wp-content\/gallery\/vitani-obcanku-filip-jedlicka-jan-vlk-richard-kollator-28-3-2026\/thumbs\/thumbs_IMG_9628.jpg\"\n               data-image-id=\"14513\"\n               data-title=\"IMG_9628\"\n               data-description=\"\"\n               data-image-slug=\"img_9628-1\"\n               class=\"ngg-fancybox\" rel=\"c73117b8567f912d5ff99bb61d9917c3\">\n                <img\n                    title=\"IMG_9628\"\n                    alt=\"IMG_9628\"\n                    src=\"https:\/\/www.dolni-bousov.cz\/media\/wp-content\/gallery\/vitani-obcanku-filip-jedlicka-jan-vlk-richard-kollator-28-3-2026\/thumbs\/thumbs_IMG_9628.jpg\"\n                    width=\"150\"\n                    height=\"150\"\n                    style=\"max-width:100%;\"\n                \/>\n            <\/a>\n        <\/div>\n\t\t\t\t\t\t\t<\/div> \n\t\t\t\n        \n\t\t\t\t<div id=\"ngg-image-29\" class=\"ngg-gallery-thumbnail-box\" >\n\t\t\t\t        <div class=\"ngg-gallery-thumbnail\">\n            <a href=\"https:\/\/www.dolni-bousov.cz\/media\/wp-content\/gallery\/vitani-obcanku-filip-jedlicka-jan-vlk-richard-kollator-28-3-2026\/IMG_9631.jpg\"\n               title=\"\"\n               data-src=\"https:\/\/www.dolni-bousov.cz\/media\/wp-content\/gallery\/vitani-obcanku-filip-jedlicka-jan-vlk-richard-kollator-28-3-2026\/IMG_9631.jpg\"\n               data-thumbnail=\"https:\/\/www.dolni-bousov.cz\/media\/wp-content\/gallery\/vitani-obcanku-filip-jedlicka-jan-vlk-richard-kollator-28-3-2026\/thumbs\/thumbs_IMG_9631.jpg\"\n               data-image-id=\"14514\"\n               data-title=\"IMG_9631\"\n               data-description=\"\"\n               data-image-slug=\"img_9631-2\"\n               class=\"ngg-fancybox\" rel=\"c73117b8567f912d5ff99bb61d9917c3\">\n                <img\n                    title=\"IMG_9631\"\n                    alt=\"IMG_9631\"\n                    src=\"https:\/\/www.dolni-bousov.cz\/media\/wp-content\/gallery\/vitani-obcanku-filip-jedlicka-jan-vlk-richard-kollator-28-3-2026\/thumbs\/thumbs_IMG_9631.jpg\"\n                    width=\"150\"\n                    height=\"150\"\n                    style=\"max-width:100%;\"\n                \/>\n            <\/a>\n        <\/div>\n\t\t\t\t\t\t\t<\/div> \n\t\t\t\n        \n\t\t\t\t<div id=\"ngg-image-30\" class=\"ngg-gallery-thumbnail-box\" >\n\t\t\t\t        <div class=\"ngg-gallery-thumbnail\">\n            <a href=\"https:\/\/www.dolni-bousov.cz\/media\/wp-content\/gallery\/vitani-obcanku-filip-jedlicka-jan-vlk-richard-kollator-28-3-2026\/IMG_9633.jpg\"\n               title=\"\"\n               data-src=\"https:\/\/www.dolni-bousov.cz\/media\/wp-content\/gallery\/vitani-obcanku-filip-jedlicka-jan-vlk-richard-kollator-28-3-2026\/IMG_9633.jpg\"\n               data-thumbnail=\"https:\/\/www.dolni-bousov.cz\/media\/wp-content\/gallery\/vitani-obcanku-filip-jedlicka-jan-vlk-richard-kollator-28-3-2026\/thumbs\/thumbs_IMG_9633.jpg\"\n               data-image-id=\"14515\"\n               data-title=\"IMG_9633\"\n               data-description=\"\"\n               data-image-slug=\"img_9633-1\"\n               class=\"ngg-fancybox\" rel=\"c73117b8567f912d5ff99bb61d9917c3\">\n                <img\n                    title=\"IMG_9633\"\n                    alt=\"IMG_9633\"\n                    src=\"https:\/\/www.dolni-bousov.cz\/media\/wp-content\/gallery\/vitani-obcanku-filip-jedlicka-jan-vlk-richard-kollator-28-3-2026\/thumbs\/thumbs_IMG_9633.jpg\"\n                    width=\"150\"\n                    height=\"150\"\n                    style=\"max-width:100%;\"\n                \/>\n            <\/a>\n        <\/div>\n\t\t\t\t\t\t\t<\/div> \n\t\t\t\n        \n\t\t\t\t<div id=\"ngg-image-31\" class=\"ngg-gallery-thumbnail-box\" >\n\t\t\t\t        <div class=\"ngg-gallery-thumbnail\">\n            <a href=\"https:\/\/www.dolni-bousov.cz\/media\/wp-content\/gallery\/vitani-obcanku-filip-jedlicka-jan-vlk-richard-kollator-28-3-2026\/IMG_9635.jpg\"\n               title=\"\"\n               data-src=\"https:\/\/www.dolni-bousov.cz\/media\/wp-content\/gallery\/vitani-obcanku-filip-jedlicka-jan-vlk-richard-kollator-28-3-2026\/IMG_9635.jpg\"\n               data-thumbnail=\"https:\/\/www.dolni-bousov.cz\/media\/wp-content\/gallery\/vitani-obcanku-filip-jedlicka-jan-vlk-richard-kollator-28-3-2026\/thumbs\/thumbs_IMG_9635.jpg\"\n               data-image-id=\"14516\"\n               data-title=\"IMG_9635\"\n               data-description=\"\"\n               data-image-slug=\"img_9635\"\n               class=\"ngg-fancybox\" rel=\"c73117b8567f912d5ff99bb61d9917c3\">\n                <img\n                    title=\"IMG_9635\"\n                    alt=\"IMG_9635\"\n                    src=\"https:\/\/www.dolni-bousov.cz\/media\/wp-content\/gallery\/vitani-obcanku-filip-jedlicka-jan-vlk-richard-kollator-28-3-2026\/thumbs\/thumbs_IMG_9635.jpg\"\n                    width=\"150\"\n                    height=\"150\"\n                    style=\"max-width:100%;\"\n                \/>\n            <\/a>\n        <\/div>\n\t\t\t\t\t\t\t<\/div> \n\t\t\t\n        \n\t\t\t\t<div id=\"ngg-image-32\" class=\"ngg-gallery-thumbnail-box\" >\n\t\t\t\t        <div class=\"ngg-gallery-thumbnail\">\n            <a href=\"https:\/\/www.dolni-bousov.cz\/media\/wp-content\/gallery\/vitani-obcanku-filip-jedlicka-jan-vlk-richard-kollator-28-3-2026\/IMG_9636.jpg\"\n               title=\"\"\n               data-src=\"https:\/\/www.dolni-bousov.cz\/media\/wp-content\/gallery\/vitani-obcanku-filip-jedlicka-jan-vlk-richard-kollator-28-3-2026\/IMG_9636.jpg\"\n               data-thumbnail=\"https:\/\/www.dolni-bousov.cz\/media\/wp-content\/gallery\/vitani-obcanku-filip-jedlicka-jan-vlk-richard-kollator-28-3-2026\/thumbs\/thumbs_IMG_9636.jpg\"\n               data-image-id=\"14517\"\n               data-title=\"IMG_9636\"\n               data-description=\"\"\n               data-image-slug=\"img_9636-1\"\n               class=\"ngg-fancybox\" rel=\"c73117b8567f912d5ff99bb61d9917c3\">\n                <img\n                    title=\"IMG_9636\"\n                    alt=\"IMG_9636\"\n                    src=\"https:\/\/www.dolni-bousov.cz\/media\/wp-content\/gallery\/vitani-obcanku-filip-jedlicka-jan-vlk-richard-kollator-28-3-2026\/thumbs\/thumbs_IMG_9636.jpg\"\n                    width=\"150\"\n                    height=\"150\"\n                    style=\"max-width:100%;\"\n                \/>\n            <\/a>\n        <\/div>\n\t\t\t\t\t\t\t<\/div> \n\t\t\t\n        \n\t\t\t\t<div id=\"ngg-image-33\" class=\"ngg-gallery-thumbnail-box\" >\n\t\t\t\t        <div class=\"ngg-gallery-thumbnail\">\n            <a href=\"https:\/\/www.dolni-bousov.cz\/media\/wp-content\/gallery\/vitani-obcanku-filip-jedlicka-jan-vlk-richard-kollator-28-3-2026\/IMG_9638.jpg\"\n               title=\"\"\n               data-src=\"https:\/\/www.dolni-bousov.cz\/media\/wp-content\/gallery\/vitani-obcanku-filip-jedlicka-jan-vlk-richard-kollator-28-3-2026\/IMG_9638.jpg\"\n               data-thumbnail=\"https:\/\/www.dolni-bousov.cz\/media\/wp-content\/gallery\/vitani-obcanku-filip-jedlicka-jan-vlk-richard-kollator-28-3-2026\/thumbs\/thumbs_IMG_9638.jpg\"\n               data-image-id=\"14518\"\n               data-title=\"IMG_9638\"\n               data-description=\"\"\n               data-image-slug=\"img_9638\"\n               class=\"ngg-fancybox\" rel=\"c73117b8567f912d5ff99bb61d9917c3\">\n                <img\n                    title=\"IMG_9638\"\n                    alt=\"IMG_9638\"\n                    src=\"https:\/\/www.dolni-bousov.cz\/media\/wp-content\/gallery\/vitani-obcanku-filip-jedlicka-jan-vlk-richard-kollator-28-3-2026\/thumbs\/thumbs_IMG_9638.jpg\"\n                    width=\"150\"\n                    height=\"150\"\n                    style=\"max-width:100%;\"\n                \/>\n            <\/a>\n        <\/div>\n\t\t\t\t\t\t\t<\/div> \n\t\t\t\n        \n\t\t\t\t<div id=\"ngg-image-34\" class=\"ngg-gallery-thumbnail-box\" >\n\t\t\t\t        <div class=\"ngg-gallery-thumbnail\">\n            <a href=\"https:\/\/www.dolni-bousov.cz\/media\/wp-content\/gallery\/vitani-obcanku-filip-jedlicka-jan-vlk-richard-kollator-28-3-2026\/IMG_9641.jpg\"\n               title=\"\"\n               data-src=\"https:\/\/www.dolni-bousov.cz\/media\/wp-content\/gallery\/vitani-obcanku-filip-jedlicka-jan-vlk-richard-kollator-28-3-2026\/IMG_9641.jpg\"\n               data-thumbnail=\"https:\/\/www.dolni-bousov.cz\/media\/wp-content\/gallery\/vitani-obcanku-filip-jedlicka-jan-vlk-richard-kollator-28-3-2026\/thumbs\/thumbs_IMG_9641.jpg\"\n               data-image-id=\"14519\"\n               data-title=\"IMG_9641\"\n               data-description=\"\"\n               data-image-slug=\"img_9641\"\n               class=\"ngg-fancybox\" rel=\"c73117b8567f912d5ff99bb61d9917c3\">\n                <img\n                    title=\"IMG_9641\"\n                    alt=\"IMG_9641\"\n                    src=\"https:\/\/www.dolni-bousov.cz\/media\/wp-content\/gallery\/vitani-obcanku-filip-jedlicka-jan-vlk-richard-kollator-28-3-2026\/thumbs\/thumbs_IMG_9641.jpg\"\n                    width=\"150\"\n                    height=\"150\"\n                    style=\"max-width:100%;\"\n                \/>\n            <\/a>\n        <\/div>\n\t\t\t\t\t\t\t<\/div> \n\t\t\t\n        \n\t\t\t\t<div id=\"ngg-image-35\" class=\"ngg-gallery-thumbnail-box\" >\n\t\t\t\t        <div class=\"ngg-gallery-thumbnail\">\n            <a href=\"https:\/\/www.dolni-bousov.cz\/media\/wp-content\/gallery\/vitani-obcanku-filip-jedlicka-jan-vlk-richard-kollator-28-3-2026\/IMG_9642.jpg\"\n               title=\"\"\n               data-src=\"https:\/\/www.dolni-bousov.cz\/media\/wp-content\/gallery\/vitani-obcanku-filip-jedlicka-jan-vlk-richard-kollator-28-3-2026\/IMG_9642.jpg\"\n               data-thumbnail=\"https:\/\/www.dolni-bousov.cz\/media\/wp-content\/gallery\/vitani-obcanku-filip-jedlicka-jan-vlk-richard-kollator-28-3-2026\/thumbs\/thumbs_IMG_9642.jpg\"\n               data-image-id=\"14520\"\n               data-title=\"IMG_9642\"\n               data-description=\"\"\n               data-image-slug=\"img_9642\"\n               class=\"ngg-fancybox\" rel=\"c73117b8567f912d5ff99bb61d9917c3\">\n                <img\n                    title=\"IMG_9642\"\n                    alt=\"IMG_9642\"\n                    src=\"https:\/\/www.dolni-bousov.cz\/media\/wp-content\/gallery\/vitani-obcanku-filip-jedlicka-jan-vlk-richard-kollator-28-3-2026\/thumbs\/thumbs_IMG_9642.jpg\"\n                    width=\"150\"\n                    height=\"150\"\n                    style=\"max-width:100%;\"\n                \/>\n            <\/a>\n        <\/div>\n\t\t\t\t\t\t\t<\/div> \n\t\t\t\n        \n\t\t\t\t<div id=\"ngg-image-36\" class=\"ngg-gallery-thumbnail-box\" >\n\t\t\t\t        <div class=\"ngg-gallery-thumbnail\">\n            <a href=\"https:\/\/www.dolni-bousov.cz\/media\/wp-content\/gallery\/vitani-obcanku-filip-jedlicka-jan-vlk-richard-kollator-28-3-2026\/IMG_9644.jpg\"\n               title=\"\"\n               data-src=\"https:\/\/www.dolni-bousov.cz\/media\/wp-content\/gallery\/vitani-obcanku-filip-jedlicka-jan-vlk-richard-kollator-28-3-2026\/IMG_9644.jpg\"\n               data-thumbnail=\"https:\/\/www.dolni-bousov.cz\/media\/wp-content\/gallery\/vitani-obcanku-filip-jedlicka-jan-vlk-richard-kollator-28-3-2026\/thumbs\/thumbs_IMG_9644.jpg\"\n               data-image-id=\"14521\"\n               data-title=\"IMG_9644\"\n               data-description=\"\"\n               data-image-slug=\"img_9644-1\"\n               class=\"ngg-fancybox\" rel=\"c73117b8567f912d5ff99bb61d9917c3\">\n                <img\n                    title=\"IMG_9644\"\n                    alt=\"IMG_9644\"\n                    src=\"https:\/\/www.dolni-bousov.cz\/media\/wp-content\/gallery\/vitani-obcanku-filip-jedlicka-jan-vlk-richard-kollator-28-3-2026\/thumbs\/thumbs_IMG_9644.jpg\"\n                    width=\"150\"\n                    height=\"150\"\n                    style=\"max-width:100%;\"\n                \/>\n            <\/a>\n        <\/div>\n\t\t\t\t\t\t\t<\/div> \n\t\t\t\n        \n\t\t\t\t<div id=\"ngg-image-37\" class=\"ngg-gallery-thumbnail-box\" >\n\t\t\t\t        <div class=\"ngg-gallery-thumbnail\">\n            <a href=\"https:\/\/www.dolni-bousov.cz\/media\/wp-content\/gallery\/vitani-obcanku-filip-jedlicka-jan-vlk-richard-kollator-28-3-2026\/IMG_9647.jpg\"\n               title=\"\"\n               data-src=\"https:\/\/www.dolni-bousov.cz\/media\/wp-content\/gallery\/vitani-obcanku-filip-jedlicka-jan-vlk-richard-kollator-28-3-2026\/IMG_9647.jpg\"\n               data-thumbnail=\"https:\/\/www.dolni-bousov.cz\/media\/wp-content\/gallery\/vitani-obcanku-filip-jedlicka-jan-vlk-richard-kollator-28-3-2026\/thumbs\/thumbs_IMG_9647.jpg\"\n               data-image-id=\"14522\"\n               data-title=\"IMG_9647\"\n               data-description=\"\"\n               data-image-slug=\"img_9647-2\"\n               class=\"ngg-fancybox\" rel=\"c73117b8567f912d5ff99bb61d9917c3\">\n                <img\n                    title=\"IMG_9647\"\n                    alt=\"IMG_9647\"\n                    src=\"https:\/\/www.dolni-bousov.cz\/media\/wp-content\/gallery\/vitani-obcanku-filip-jedlicka-jan-vlk-richard-kollator-28-3-2026\/thumbs\/thumbs_IMG_9647.jpg\"\n                    width=\"150\"\n                    height=\"150\"\n                    style=\"max-width:100%;\"\n                \/>\n            <\/a>\n        <\/div>\n\t\t\t\t\t\t\t<\/div> \n\t\t\t\n        \n\t\t\t\t<div id=\"ngg-image-38\" class=\"ngg-gallery-thumbnail-box\" >\n\t\t\t\t        <div class=\"ngg-gallery-thumbnail\">\n            <a href=\"https:\/\/www.dolni-bousov.cz\/media\/wp-content\/gallery\/vitani-obcanku-filip-jedlicka-jan-vlk-richard-kollator-28-3-2026\/IMG_9648.jpg\"\n               title=\"\"\n               data-src=\"https:\/\/www.dolni-bousov.cz\/media\/wp-content\/gallery\/vitani-obcanku-filip-jedlicka-jan-vlk-richard-kollator-28-3-2026\/IMG_9648.jpg\"\n               data-thumbnail=\"https:\/\/www.dolni-bousov.cz\/media\/wp-content\/gallery\/vitani-obcanku-filip-jedlicka-jan-vlk-richard-kollator-28-3-2026\/thumbs\/thumbs_IMG_9648.jpg\"\n               data-image-id=\"14523\"\n               data-title=\"IMG_9648\"\n               data-description=\"\"\n               data-image-slug=\"img_9648\"\n               class=\"ngg-fancybox\" rel=\"c73117b8567f912d5ff99bb61d9917c3\">\n                <img\n                    title=\"IMG_9648\"\n                    alt=\"IMG_9648\"\n                    src=\"https:\/\/www.dolni-bousov.cz\/media\/wp-content\/gallery\/vitani-obcanku-filip-jedlicka-jan-vlk-richard-kollator-28-3-2026\/thumbs\/thumbs_IMG_9648.jpg\"\n                    width=\"150\"\n                    height=\"150\"\n                    style=\"max-width:100%;\"\n                \/>\n            <\/a>\n        <\/div>\n\t\t\t\t\t\t\t<\/div> \n\t\t\t\n        \n\t\t\t\t<div id=\"ngg-image-39\" class=\"ngg-gallery-thumbnail-box\" >\n\t\t\t\t        <div class=\"ngg-gallery-thumbnail\">\n            <a href=\"https:\/\/www.dolni-bousov.cz\/media\/wp-content\/gallery\/vitani-obcanku-filip-jedlicka-jan-vlk-richard-kollator-28-3-2026\/IMG_9651.jpg\"\n               title=\"\"\n               data-src=\"https:\/\/www.dolni-bousov.cz\/media\/wp-content\/gallery\/vitani-obcanku-filip-jedlicka-jan-vlk-richard-kollator-28-3-2026\/IMG_9651.jpg\"\n               data-thumbnail=\"https:\/\/www.dolni-bousov.cz\/media\/wp-content\/gallery\/vitani-obcanku-filip-jedlicka-jan-vlk-richard-kollator-28-3-2026\/thumbs\/thumbs_IMG_9651.jpg\"\n               data-image-id=\"14524\"\n               data-title=\"IMG_9651\"\n               data-description=\"\"\n               data-image-slug=\"img_9651-1\"\n               class=\"ngg-fancybox\" rel=\"c73117b8567f912d5ff99bb61d9917c3\">\n                <img\n                    title=\"IMG_9651\"\n                    alt=\"IMG_9651\"\n                    src=\"https:\/\/www.dolni-bousov.cz\/media\/wp-content\/gallery\/vitani-obcanku-filip-jedlicka-jan-vlk-richard-kollator-28-3-2026\/thumbs\/thumbs_IMG_9651.jpg\"\n                    width=\"150\"\n                    height=\"150\"\n                    style=\"max-width:100%;\"\n                \/>\n            <\/a>\n        <\/div>\n\t\t\t\t\t\t\t<\/div> \n\t\t\t\n        \n\t\t\t\t<div id=\"ngg-image-40\" class=\"ngg-gallery-thumbnail-box\" >\n\t\t\t\t        <div class=\"ngg-gallery-thumbnail\">\n            <a href=\"https:\/\/www.dolni-bousov.cz\/media\/wp-content\/gallery\/vitani-obcanku-filip-jedlicka-jan-vlk-richard-kollator-28-3-2026\/IMG_9652.jpg\"\n               title=\"\"\n               data-src=\"https:\/\/www.dolni-bousov.cz\/media\/wp-content\/gallery\/vitani-obcanku-filip-jedlicka-jan-vlk-richard-kollator-28-3-2026\/IMG_9652.jpg\"\n               data-thumbnail=\"https:\/\/www.dolni-bousov.cz\/media\/wp-content\/gallery\/vitani-obcanku-filip-jedlicka-jan-vlk-richard-kollator-28-3-2026\/thumbs\/thumbs_IMG_9652.jpg\"\n               data-image-id=\"14525\"\n               data-title=\"IMG_9652\"\n               data-description=\"\"\n               data-image-slug=\"img_9652-1\"\n               class=\"ngg-fancybox\" rel=\"c73117b8567f912d5ff99bb61d9917c3\">\n                <img\n                    title=\"IMG_9652\"\n                    alt=\"IMG_9652\"\n                    src=\"https:\/\/www.dolni-bousov.cz\/media\/wp-content\/gallery\/vitani-obcanku-filip-jedlicka-jan-vlk-richard-kollator-28-3-2026\/thumbs\/thumbs_IMG_9652.jpg\"\n                    width=\"150\"\n                    height=\"150\"\n                    style=\"max-width:100%;\"\n                \/>\n            <\/a>\n        <\/div>\n\t\t\t\t\t\t\t<\/div> \n\t\t\t\n        \n\t\t\t\t<div id=\"ngg-image-41\" class=\"ngg-gallery-thumbnail-box\" >\n\t\t\t\t        <div class=\"ngg-gallery-thumbnail\">\n            <a href=\"https:\/\/www.dolni-bousov.cz\/media\/wp-content\/gallery\/vitani-obcanku-filip-jedlicka-jan-vlk-richard-kollator-28-3-2026\/IMG_9656.jpg\"\n               title=\"\"\n               data-src=\"https:\/\/www.dolni-bousov.cz\/media\/wp-content\/gallery\/vitani-obcanku-filip-jedlicka-jan-vlk-richard-kollator-28-3-2026\/IMG_9656.jpg\"\n               data-thumbnail=\"https:\/\/www.dolni-bousov.cz\/media\/wp-content\/gallery\/vitani-obcanku-filip-jedlicka-jan-vlk-richard-kollator-28-3-2026\/thumbs\/thumbs_IMG_9656.jpg\"\n               data-image-id=\"14526\"\n               data-title=\"IMG_9656\"\n               data-description=\"\"\n               data-image-slug=\"img_9656\"\n               class=\"ngg-fancybox\" rel=\"c73117b8567f912d5ff99bb61d9917c3\">\n                <img\n                    title=\"IMG_9656\"\n                    alt=\"IMG_9656\"\n                    src=\"https:\/\/www.dolni-bousov.cz\/media\/wp-content\/gallery\/vitani-obcanku-filip-jedlicka-jan-vlk-richard-kollator-28-3-2026\/thumbs\/thumbs_IMG_9656.jpg\"\n                    width=\"150\"\n                    height=\"150\"\n                    style=\"max-width:100%;\"\n                \/>\n            <\/a>\n        <\/div>\n\t\t\t\t\t\t\t<\/div> \n\t\t\t\n        \n\t\t\t\t<div id=\"ngg-image-42\" class=\"ngg-gallery-thumbnail-box\" >\n\t\t\t\t        <div class=\"ngg-gallery-thumbnail\">\n            <a href=\"https:\/\/www.dolni-bousov.cz\/media\/wp-content\/gallery\/vitani-obcanku-filip-jedlicka-jan-vlk-richard-kollator-28-3-2026\/IMG_9657.jpg\"\n               title=\"\"\n               data-src=\"https:\/\/www.dolni-bousov.cz\/media\/wp-content\/gallery\/vitani-obcanku-filip-jedlicka-jan-vlk-richard-kollator-28-3-2026\/IMG_9657.jpg\"\n               data-thumbnail=\"https:\/\/www.dolni-bousov.cz\/media\/wp-content\/gallery\/vitani-obcanku-filip-jedlicka-jan-vlk-richard-kollator-28-3-2026\/thumbs\/thumbs_IMG_9657.jpg\"\n               data-image-id=\"14527\"\n               data-title=\"IMG_9657\"\n               data-description=\"\"\n               data-image-slug=\"img_9657-1\"\n               class=\"ngg-fancybox\" rel=\"c73117b8567f912d5ff99bb61d9917c3\">\n                <img\n                    title=\"IMG_9657\"\n                    alt=\"IMG_9657\"\n                    src=\"https:\/\/www.dolni-bousov.cz\/media\/wp-content\/gallery\/vitani-obcanku-filip-jedlicka-jan-vlk-richard-kollator-28-3-2026\/thumbs\/thumbs_IMG_9657.jpg\"\n                    width=\"150\"\n                    height=\"150\"\n                    style=\"max-width:100%;\"\n                \/>\n            <\/a>\n        <\/div>\n\t\t\t\t\t\t\t<\/div> \n\t\t\t\n        \n\t\t\t\t<div id=\"ngg-image-43\" class=\"ngg-gallery-thumbnail-box\" >\n\t\t\t\t        <div class=\"ngg-gallery-thumbnail\">\n            <a href=\"https:\/\/www.dolni-bousov.cz\/media\/wp-content\/gallery\/vitani-obcanku-filip-jedlicka-jan-vlk-richard-kollator-28-3-2026\/IMG_9664.jpg\"\n               title=\"\"\n               data-src=\"https:\/\/www.dolni-bousov.cz\/media\/wp-content\/gallery\/vitani-obcanku-filip-jedlicka-jan-vlk-richard-kollator-28-3-2026\/IMG_9664.jpg\"\n               data-thumbnail=\"https:\/\/www.dolni-bousov.cz\/media\/wp-content\/gallery\/vitani-obcanku-filip-jedlicka-jan-vlk-richard-kollator-28-3-2026\/thumbs\/thumbs_IMG_9664.jpg\"\n               data-image-id=\"14528\"\n               data-title=\"IMG_9664\"\n               data-description=\"\"\n               data-image-slug=\"img_9664\"\n               class=\"ngg-fancybox\" rel=\"c73117b8567f912d5ff99bb61d9917c3\">\n                <img\n                    title=\"IMG_9664\"\n                    alt=\"IMG_9664\"\n                    src=\"https:\/\/www.dolni-bousov.cz\/media\/wp-content\/gallery\/vitani-obcanku-filip-jedlicka-jan-vlk-richard-kollator-28-3-2026\/thumbs\/thumbs_IMG_9664.jpg\"\n                    width=\"150\"\n                    height=\"150\"\n                    style=\"max-width:100%;\"\n                \/>\n            <\/a>\n        <\/div>\n\t\t\t\t\t\t\t<\/div> \n\t\t\t\n        \n\t\t\t\t<div id=\"ngg-image-44\" class=\"ngg-gallery-thumbnail-box\" >\n\t\t\t\t        <div class=\"ngg-gallery-thumbnail\">\n            <a href=\"https:\/\/www.dolni-bousov.cz\/media\/wp-content\/gallery\/vitani-obcanku-filip-jedlicka-jan-vlk-richard-kollator-28-3-2026\/IMG_9667.jpg\"\n               title=\"\"\n               data-src=\"https:\/\/www.dolni-bousov.cz\/media\/wp-content\/gallery\/vitani-obcanku-filip-jedlicka-jan-vlk-richard-kollator-28-3-2026\/IMG_9667.jpg\"\n               data-thumbnail=\"https:\/\/www.dolni-bousov.cz\/media\/wp-content\/gallery\/vitani-obcanku-filip-jedlicka-jan-vlk-richard-kollator-28-3-2026\/thumbs\/thumbs_IMG_9667.jpg\"\n               data-image-id=\"14529\"\n               data-title=\"IMG_9667\"\n               data-description=\"\"\n               data-image-slug=\"img_9667-1\"\n               class=\"ngg-fancybox\" rel=\"c73117b8567f912d5ff99bb61d9917c3\">\n                <img\n                    title=\"IMG_9667\"\n                    alt=\"IMG_9667\"\n                    src=\"https:\/\/www.dolni-bousov.cz\/media\/wp-content\/gallery\/vitani-obcanku-filip-jedlicka-jan-vlk-richard-kollator-28-3-2026\/thumbs\/thumbs_IMG_9667.jpg\"\n                    width=\"150\"\n                    height=\"150\"\n                    style=\"max-width:100%;\"\n                \/>\n            <\/a>\n        <\/div>\n\t\t\t\t\t\t\t<\/div> \n\t\t\t\n        \n\t\t\t\t<div id=\"ngg-image-45\" class=\"ngg-gallery-thumbnail-box\" >\n\t\t\t\t        <div class=\"ngg-gallery-thumbnail\">\n            <a href=\"https:\/\/www.dolni-bousov.cz\/media\/wp-content\/gallery\/vitani-obcanku-filip-jedlicka-jan-vlk-richard-kollator-28-3-2026\/IMG_9672.jpg\"\n               title=\"\"\n               data-src=\"https:\/\/www.dolni-bousov.cz\/media\/wp-content\/gallery\/vitani-obcanku-filip-jedlicka-jan-vlk-richard-kollator-28-3-2026\/IMG_9672.jpg\"\n               data-thumbnail=\"https:\/\/www.dolni-bousov.cz\/media\/wp-content\/gallery\/vitani-obcanku-filip-jedlicka-jan-vlk-richard-kollator-28-3-2026\/thumbs\/thumbs_IMG_9672.jpg\"\n               data-image-id=\"14530\"\n               data-title=\"IMG_9672\"\n               data-description=\"\"\n               data-image-slug=\"img_9672-1\"\n               class=\"ngg-fancybox\" rel=\"c73117b8567f912d5ff99bb61d9917c3\">\n                <img\n                    title=\"IMG_9672\"\n                    alt=\"IMG_9672\"\n                    src=\"https:\/\/www.dolni-bousov.cz\/media\/wp-content\/gallery\/vitani-obcanku-filip-jedlicka-jan-vlk-richard-kollator-28-3-2026\/thumbs\/thumbs_IMG_9672.jpg\"\n                    width=\"150\"\n                    height=\"150\"\n                    style=\"max-width:100%;\"\n                \/>\n            <\/a>\n        <\/div>\n\t\t\t\t\t\t\t<\/div> \n\t\t\t\n        \n\t\t\t\t<div id=\"ngg-image-46\" class=\"ngg-gallery-thumbnail-box\" >\n\t\t\t\t        <div class=\"ngg-gallery-thumbnail\">\n            <a href=\"https:\/\/www.dolni-bousov.cz\/media\/wp-content\/gallery\/vitani-obcanku-filip-jedlicka-jan-vlk-richard-kollator-28-3-2026\/IMG_9675.jpg\"\n               title=\"\"\n               data-src=\"https:\/\/www.dolni-bousov.cz\/media\/wp-content\/gallery\/vitani-obcanku-filip-jedlicka-jan-vlk-richard-kollator-28-3-2026\/IMG_9675.jpg\"\n               data-thumbnail=\"https:\/\/www.dolni-bousov.cz\/media\/wp-content\/gallery\/vitani-obcanku-filip-jedlicka-jan-vlk-richard-kollator-28-3-2026\/thumbs\/thumbs_IMG_9675.jpg\"\n               data-image-id=\"14531\"\n               data-title=\"IMG_9675\"\n               data-description=\"\"\n               data-image-slug=\"img_9675\"\n               class=\"ngg-fancybox\" rel=\"c73117b8567f912d5ff99bb61d9917c3\">\n                <img\n                    title=\"IMG_9675\"\n                    alt=\"IMG_9675\"\n                    src=\"https:\/\/www.dolni-bousov.cz\/media\/wp-content\/gallery\/vitani-obcanku-filip-jedlicka-jan-vlk-richard-kollator-28-3-2026\/thumbs\/thumbs_IMG_9675.jpg\"\n                    width=\"150\"\n                    height=\"150\"\n                    style=\"max-width:100%;\"\n                \/>\n            <\/a>\n        <\/div>\n\t\t\t\t\t\t\t<\/div> \n\t\t\t\n        \n\t\t\t\t<div id=\"ngg-image-47\" class=\"ngg-gallery-thumbnail-box\" >\n\t\t\t\t        <div class=\"ngg-gallery-thumbnail\">\n            <a href=\"https:\/\/www.dolni-bousov.cz\/media\/wp-content\/gallery\/vitani-obcanku-filip-jedlicka-jan-vlk-richard-kollator-28-3-2026\/IMG_9682.jpg\"\n               title=\"\"\n               data-src=\"https:\/\/www.dolni-bousov.cz\/media\/wp-content\/gallery\/vitani-obcanku-filip-jedlicka-jan-vlk-richard-kollator-28-3-2026\/IMG_9682.jpg\"\n               data-thumbnail=\"https:\/\/www.dolni-bousov.cz\/media\/wp-content\/gallery\/vitani-obcanku-filip-jedlicka-jan-vlk-richard-kollator-28-3-2026\/thumbs\/thumbs_IMG_9682.jpg\"\n               data-image-id=\"14532\"\n               data-title=\"IMG_9682\"\n               data-description=\"\"\n               data-image-slug=\"img_9682-1\"\n               class=\"ngg-fancybox\" rel=\"c73117b8567f912d5ff99bb61d9917c3\">\n                <img\n                    title=\"IMG_9682\"\n                    alt=\"IMG_9682\"\n                    src=\"https:\/\/www.dolni-bousov.cz\/media\/wp-content\/gallery\/vitani-obcanku-filip-jedlicka-jan-vlk-richard-kollator-28-3-2026\/thumbs\/thumbs_IMG_9682.jpg\"\n                    width=\"150\"\n                    height=\"150\"\n                    style=\"max-width:100%;\"\n                \/>\n            <\/a>\n        <\/div>\n\t\t\t\t\t\t\t<\/div> \n\t\t\t\n        \n\t\t\t\t<div id=\"ngg-image-48\" class=\"ngg-gallery-thumbnail-box\" >\n\t\t\t\t        <div class=\"ngg-gallery-thumbnail\">\n            <a href=\"https:\/\/www.dolni-bousov.cz\/media\/wp-content\/gallery\/vitani-obcanku-filip-jedlicka-jan-vlk-richard-kollator-28-3-2026\/IMG_9687.jpg\"\n               title=\"\"\n               data-src=\"https:\/\/www.dolni-bousov.cz\/media\/wp-content\/gallery\/vitani-obcanku-filip-jedlicka-jan-vlk-richard-kollator-28-3-2026\/IMG_9687.jpg\"\n               data-thumbnail=\"https:\/\/www.dolni-bousov.cz\/media\/wp-content\/gallery\/vitani-obcanku-filip-jedlicka-jan-vlk-richard-kollator-28-3-2026\/thumbs\/thumbs_IMG_9687.jpg\"\n               data-image-id=\"14533\"\n               data-title=\"IMG_9687\"\n               data-description=\"\"\n               data-image-slug=\"img_9687\"\n               class=\"ngg-fancybox\" rel=\"c73117b8567f912d5ff99bb61d9917c3\">\n                <img\n                    title=\"IMG_9687\"\n                    alt=\"IMG_9687\"\n                    src=\"https:\/\/www.dolni-bousov.cz\/media\/wp-content\/gallery\/vitani-obcanku-filip-jedlicka-jan-vlk-richard-kollator-28-3-2026\/thumbs\/thumbs_IMG_9687.jpg\"\n                    width=\"150\"\n                    height=\"150\"\n                    style=\"max-width:100%;\"\n                \/>\n            <\/a>\n        <\/div>\n\t\t\t\t\t\t\t<\/div> \n\t\t\t\n        \n\t\t\t\t<div id=\"ngg-image-49\" class=\"ngg-gallery-thumbnail-box\" >\n\t\t\t\t        <div class=\"ngg-gallery-thumbnail\">\n            <a href=\"https:\/\/www.dolni-bousov.cz\/media\/wp-content\/gallery\/vitani-obcanku-filip-jedlicka-jan-vlk-richard-kollator-28-3-2026\/IMG_9692.jpg\"\n               title=\"\"\n               data-src=\"https:\/\/www.dolni-bousov.cz\/media\/wp-content\/gallery\/vitani-obcanku-filip-jedlicka-jan-vlk-richard-kollator-28-3-2026\/IMG_9692.jpg\"\n               data-thumbnail=\"https:\/\/www.dolni-bousov.cz\/media\/wp-content\/gallery\/vitani-obcanku-filip-jedlicka-jan-vlk-richard-kollator-28-3-2026\/thumbs\/thumbs_IMG_9692.jpg\"\n               data-image-id=\"14534\"\n               data-title=\"IMG_9692\"\n               data-description=\"\"\n               data-image-slug=\"img_9692\"\n               class=\"ngg-fancybox\" rel=\"c73117b8567f912d5ff99bb61d9917c3\">\n                <img\n                    title=\"IMG_9692\"\n                    alt=\"IMG_9692\"\n                    src=\"https:\/\/www.dolni-bousov.cz\/media\/wp-content\/gallery\/vitani-obcanku-filip-jedlicka-jan-vlk-richard-kollator-28-3-2026\/thumbs\/thumbs_IMG_9692.jpg\"\n                    width=\"150\"\n                    height=\"150\"\n                    style=\"max-width:100%;\"\n                \/>\n            <\/a>\n        <\/div>\n\t\t\t\t\t\t\t<\/div> \n\t\t\t\n        \n\t\t\t\t<div id=\"ngg-image-50\" class=\"ngg-gallery-thumbnail-box\" >\n\t\t\t\t        <div class=\"ngg-gallery-thumbnail\">\n            <a href=\"https:\/\/www.dolni-bousov.cz\/media\/wp-content\/gallery\/vitani-obcanku-filip-jedlicka-jan-vlk-richard-kollator-28-3-2026\/IMG_9693.jpg\"\n               title=\"\"\n               data-src=\"https:\/\/www.dolni-bousov.cz\/media\/wp-content\/gallery\/vitani-obcanku-filip-jedlicka-jan-vlk-richard-kollator-28-3-2026\/IMG_9693.jpg\"\n               data-thumbnail=\"https:\/\/www.dolni-bousov.cz\/media\/wp-content\/gallery\/vitani-obcanku-filip-jedlicka-jan-vlk-richard-kollator-28-3-2026\/thumbs\/thumbs_IMG_9693.jpg\"\n               data-image-id=\"14535\"\n               data-title=\"IMG_9693\"\n               data-description=\"\"\n               data-image-slug=\"img_9693\"\n               class=\"ngg-fancybox\" rel=\"c73117b8567f912d5ff99bb61d9917c3\">\n                <img\n                    title=\"IMG_9693\"\n                    alt=\"IMG_9693\"\n                    src=\"https:\/\/www.dolni-bousov.cz\/media\/wp-content\/gallery\/vitani-obcanku-filip-jedlicka-jan-vlk-richard-kollator-28-3-2026\/thumbs\/thumbs_IMG_9693.jpg\"\n                    width=\"150\"\n                    height=\"150\"\n                    style=\"max-width:100%;\"\n                \/>\n            <\/a>\n        <\/div>\n\t\t\t\t\t\t\t<\/div> \n\t\t\t\n        \n\t\t\t\t<div id=\"ngg-image-51\" class=\"ngg-gallery-thumbnail-box\" >\n\t\t\t\t        <div class=\"ngg-gallery-thumbnail\">\n            <a href=\"https:\/\/www.dolni-bousov.cz\/media\/wp-content\/gallery\/vitani-obcanku-filip-jedlicka-jan-vlk-richard-kollator-28-3-2026\/IMG_9705.jpg\"\n               title=\"\"\n               data-src=\"https:\/\/www.dolni-bousov.cz\/media\/wp-content\/gallery\/vitani-obcanku-filip-jedlicka-jan-vlk-richard-kollator-28-3-2026\/IMG_9705.jpg\"\n               data-thumbnail=\"https:\/\/www.dolni-bousov.cz\/media\/wp-content\/gallery\/vitani-obcanku-filip-jedlicka-jan-vlk-richard-kollator-28-3-2026\/thumbs\/thumbs_IMG_9705.jpg\"\n               data-image-id=\"14536\"\n               data-title=\"IMG_9705\"\n               data-description=\"\"\n               data-image-slug=\"img_9705\"\n               class=\"ngg-fancybox\" rel=\"c73117b8567f912d5ff99bb61d9917c3\">\n                <img\n                    title=\"IMG_9705\"\n                    alt=\"IMG_9705\"\n                    src=\"https:\/\/www.dolni-bousov.cz\/media\/wp-content\/gallery\/vitani-obcanku-filip-jedlicka-jan-vlk-richard-kollator-28-3-2026\/thumbs\/thumbs_IMG_9705.jpg\"\n                    width=\"150\"\n                    height=\"150\"\n                    style=\"max-width:100%;\"\n                \/>\n            <\/a>\n        <\/div>\n\t\t\t\t\t\t\t<\/div> \n\t\t\t\n        \n\t\t\t\t<div id=\"ngg-image-52\" class=\"ngg-gallery-thumbnail-box\" >\n\t\t\t\t        <div class=\"ngg-gallery-thumbnail\">\n            <a href=\"https:\/\/www.dolni-bousov.cz\/media\/wp-content\/gallery\/vitani-obcanku-filip-jedlicka-jan-vlk-richard-kollator-28-3-2026\/IMG_9698.jpg\"\n               title=\"\"\n               data-src=\"https:\/\/www.dolni-bousov.cz\/media\/wp-content\/gallery\/vitani-obcanku-filip-jedlicka-jan-vlk-richard-kollator-28-3-2026\/IMG_9698.jpg\"\n               data-thumbnail=\"https:\/\/www.dolni-bousov.cz\/media\/wp-content\/gallery\/vitani-obcanku-filip-jedlicka-jan-vlk-richard-kollator-28-3-2026\/thumbs\/thumbs_IMG_9698.jpg\"\n               data-image-id=\"14537\"\n               data-title=\"IMG_9698\"\n               data-description=\"\"\n               data-image-slug=\"img_9698-1\"\n               class=\"ngg-fancybox\" rel=\"c73117b8567f912d5ff99bb61d9917c3\">\n                <img\n                    title=\"IMG_9698\"\n                    alt=\"IMG_9698\"\n                    src=\"https:\/\/www.dolni-bousov.cz\/media\/wp-content\/gallery\/vitani-obcanku-filip-jedlicka-jan-vlk-richard-kollator-28-3-2026\/thumbs\/thumbs_IMG_9698.jpg\"\n                    width=\"150\"\n                    height=\"150\"\n                    style=\"max-width:100%;\"\n                \/>\n            <\/a>\n        <\/div>\n\t\t\t\t\t\t\t<\/div> \n\t\t\t\n        \n\t\t\t\t<div id=\"ngg-image-53\" class=\"ngg-gallery-thumbnail-box\" >\n\t\t\t\t        <div class=\"ngg-gallery-thumbnail\">\n            <a href=\"https:\/\/www.dolni-bousov.cz\/media\/wp-content\/gallery\/vitani-obcanku-filip-jedlicka-jan-vlk-richard-kollator-28-3-2026\/IMG_9706.jpg\"\n               title=\"\"\n               data-src=\"https:\/\/www.dolni-bousov.cz\/media\/wp-content\/gallery\/vitani-obcanku-filip-jedlicka-jan-vlk-richard-kollator-28-3-2026\/IMG_9706.jpg\"\n               data-thumbnail=\"https:\/\/www.dolni-bousov.cz\/media\/wp-content\/gallery\/vitani-obcanku-filip-jedlicka-jan-vlk-richard-kollator-28-3-2026\/thumbs\/thumbs_IMG_9706.jpg\"\n               data-image-id=\"14538\"\n               data-title=\"IMG_9706\"\n               data-description=\"\"\n               data-image-slug=\"img_9706-1\"\n               class=\"ngg-fancybox\" rel=\"c73117b8567f912d5ff99bb61d9917c3\">\n                <img\n                    title=\"IMG_9706\"\n                    alt=\"IMG_9706\"\n                    src=\"https:\/\/www.dolni-bousov.cz\/media\/wp-content\/gallery\/vitani-obcanku-filip-jedlicka-jan-vlk-richard-kollator-28-3-2026\/thumbs\/thumbs_IMG_9706.jpg\"\n                    width=\"150\"\n                    height=\"150\"\n                    style=\"max-width:100%;\"\n                \/>\n            <\/a>\n        <\/div>\n\t\t\t\t\t\t\t<\/div> \n\t\t\t\n        \n\t\t\t\t<div id=\"ngg-image-54\" class=\"ngg-gallery-thumbnail-box\" >\n\t\t\t\t        <div class=\"ngg-gallery-thumbnail\">\n            <a href=\"https:\/\/www.dolni-bousov.cz\/media\/wp-content\/gallery\/vitani-obcanku-filip-jedlicka-jan-vlk-richard-kollator-28-3-2026\/IMG_9710.jpg\"\n               title=\"\"\n               data-src=\"https:\/\/www.dolni-bousov.cz\/media\/wp-content\/gallery\/vitani-obcanku-filip-jedlicka-jan-vlk-richard-kollator-28-3-2026\/IMG_9710.jpg\"\n               data-thumbnail=\"https:\/\/www.dolni-bousov.cz\/media\/wp-content\/gallery\/vitani-obcanku-filip-jedlicka-jan-vlk-richard-kollator-28-3-2026\/thumbs\/thumbs_IMG_9710.jpg\"\n               data-image-id=\"14539\"\n               data-title=\"IMG_9710\"\n               data-description=\"\"\n               data-image-slug=\"img_9710-1\"\n               class=\"ngg-fancybox\" rel=\"c73117b8567f912d5ff99bb61d9917c3\">\n                <img\n                    title=\"IMG_9710\"\n                    alt=\"IMG_9710\"\n                    src=\"https:\/\/www.dolni-bousov.cz\/media\/wp-content\/gallery\/vitani-obcanku-filip-jedlicka-jan-vlk-richard-kollator-28-3-2026\/thumbs\/thumbs_IMG_9710.jpg\"\n                    width=\"150\"\n                    height=\"150\"\n                    style=\"max-width:100%;\"\n                \/>\n            <\/a>\n        <\/div>\n\t\t\t\t\t\t\t<\/div> \n\t\t\t\n        \n\t\t\t\t<div id=\"ngg-image-55\" class=\"ngg-gallery-thumbnail-box\" >\n\t\t\t\t        <div class=\"ngg-gallery-thumbnail\">\n            <a href=\"https:\/\/www.dolni-bousov.cz\/media\/wp-content\/gallery\/vitani-obcanku-filip-jedlicka-jan-vlk-richard-kollator-28-3-2026\/IMG_9717.jpg\"\n               title=\"\"\n               data-src=\"https:\/\/www.dolni-bousov.cz\/media\/wp-content\/gallery\/vitani-obcanku-filip-jedlicka-jan-vlk-richard-kollator-28-3-2026\/IMG_9717.jpg\"\n               data-thumbnail=\"https:\/\/www.dolni-bousov.cz\/media\/wp-content\/gallery\/vitani-obcanku-filip-jedlicka-jan-vlk-richard-kollator-28-3-2026\/thumbs\/thumbs_IMG_9717.jpg\"\n               data-image-id=\"14540\"\n               data-title=\"IMG_9717\"\n               data-description=\"\"\n               data-image-slug=\"img_9717-1\"\n               class=\"ngg-fancybox\" rel=\"c73117b8567f912d5ff99bb61d9917c3\">\n                <img\n                    title=\"IMG_9717\"\n                    alt=\"IMG_9717\"\n                    src=\"https:\/\/www.dolni-bousov.cz\/media\/wp-content\/gallery\/vitani-obcanku-filip-jedlicka-jan-vlk-richard-kollator-28-3-2026\/thumbs\/thumbs_IMG_9717.jpg\"\n                    width=\"150\"\n                    height=\"150\"\n                    style=\"max-width:100%;\"\n                \/>\n            <\/a>\n        <\/div>\n\t\t\t\t\t\t\t<\/div> \n\t\t\t\n        \n\t\t\t\t<div id=\"ngg-image-56\" class=\"ngg-gallery-thumbnail-box\" >\n\t\t\t\t        <div class=\"ngg-gallery-thumbnail\">\n            <a href=\"https:\/\/www.dolni-bousov.cz\/media\/wp-content\/gallery\/vitani-obcanku-filip-jedlicka-jan-vlk-richard-kollator-28-3-2026\/IMG_9721.jpg\"\n               title=\"\"\n               data-src=\"https:\/\/www.dolni-bousov.cz\/media\/wp-content\/gallery\/vitani-obcanku-filip-jedlicka-jan-vlk-richard-kollator-28-3-2026\/IMG_9721.jpg\"\n               data-thumbnail=\"https:\/\/www.dolni-bousov.cz\/media\/wp-content\/gallery\/vitani-obcanku-filip-jedlicka-jan-vlk-richard-kollator-28-3-2026\/thumbs\/thumbs_IMG_9721.jpg\"\n               data-image-id=\"14541\"\n               data-title=\"IMG_9721\"\n               data-description=\"\"\n               data-image-slug=\"img_9721-2\"\n               class=\"ngg-fancybox\" rel=\"c73117b8567f912d5ff99bb61d9917c3\">\n                <img\n                    title=\"IMG_9721\"\n                    alt=\"IMG_9721\"\n                    src=\"https:\/\/www.dolni-bousov.cz\/media\/wp-content\/gallery\/vitani-obcanku-filip-jedlicka-jan-vlk-richard-kollator-28-3-2026\/thumbs\/thumbs_IMG_9721.jpg\"\n                    width=\"150\"\n                    height=\"150\"\n                    style=\"max-width:100%;\"\n                \/>\n            <\/a>\n        <\/div>\n\t\t\t\t\t\t\t<\/div> \n\t\t\t\n        \n\t\t\n\t\t<!-- Pagination -->\n\t<div class='ngg-clear'><\/div>\t<\/div>\n\n","protected":false},"excerpt":{"rendered":"","protected":false},"author":1,"featured_media":32143,"comment_status":"closed","ping_status":"closed","sticky":false,"template":"","format":"standard","meta":{"ngg_post_thumbnail":0,"footnotes":""},"categories":[7],"tags":[],"class_list":["post-32084","post","type-post","status-publish","format-standard","has-post-thumbnail","hentry","category-kulturni-a-sportovni-akce"],"_links":{"self":[{"href":"https:\/\/www.dolni-bousov.cz\/media\/wp-json\/wp\/v2\/posts\/32084","targetHints":{"allow":["GET"]}}],"collection":[{"href":"https:\/\/www.dolni-bousov.cz\/media\/wp-json\/wp\/v2\/posts"}],"about":[{"href":"https:\/\/www.dolni-bousov.cz\/media\/wp-json\/wp\/v2\/types\/post"}],"author":[{"embeddable":true,"href":"https:\/\/www.dolni-bousov.cz\/media\/wp-json\/wp\/v2\/users\/1"}],"replies":[{"embeddable":true,"href":"https:\/\/www.dolni-bousov.cz\/media\/wp-json\/wp\/v2\/comments?post=32084"}],"version-history":[{"count":1,"href":"https:\/\/www.dolni-bousov.cz\/media\/wp-json\/wp\/v2\/posts\/32084\/revisions"}],"predecessor-version":[{"id":32144,"href":"https:\/\/www.dolni-bousov.cz\/media\/wp-json\/wp\/v2\/posts\/32084\/revisions\/32144"}],"wp:featuredmedia":[{"embeddable":true,"href":"https:\/\/www.dolni-bousov.cz\/media\/wp-json\/wp\/v2\/media\/32143"}],"wp:attachment":[{"href":"https:\/\/www.dolni-bousov.cz\/media\/wp-json\/wp\/v2\/media?parent=32084"}],"wp:term":[{"taxonomy":"category","embeddable":true,"href":"https:\/\/www.dolni-bousov.cz\/media\/wp-json\/wp\/v2\/categories?post=32084"},{"taxonomy":"post_tag","embeddable":true,"href":"https:\/\/www.dolni-bousov.cz\/media\/wp-json\/wp\/v2\/tags?post=32084"}],"curies":[{"name":"wp","href":"https:\/\/api.w.org\/{rel}","templated":true}]}}